{"id":5194,"date":"2020-09-10T14:57:53","date_gmt":"2020-09-10T12:57:53","guid":{"rendered":"https:\/\/temporary.mindd.dev\/?p=5194"},"modified":"2024-05-19T16:26:11","modified_gmt":"2024-05-19T14:26:11","slug":"wir-stellen-unseren-neuen-interimsdirektor-vor","status":"publish","type":"post","link":"https:\/\/huisartsenpostendelimes.nl\/de\/nieuws\/wir-stellen-unseren-neuen-interimsdirektor-vor\/","title":{"rendered":"Lassen Sie mich mich vorstellen. Unser neuer Interimsdirektor"},"content":{"rendered":"\n<figure class=\"wp-block-image size-large\"><img decoding=\"async\" src=\"https:\/\/temporary.mindd.dev\/wp-content\/uploads\/2020\/09\/gerben-welling-bewerkt.jpg\" alt=\"\" class=\"wp-image-5193\"\/><\/figure>\n\n\n\n<p>Mit Wirkung ab\nGerben Welling steht seit Ende August an der Spitze der DDDB und des SHR. Es\nIn den n\u00e4chsten sechs Monaten wird er daran arbeiten, sowohl Organisationen als auch die Besatzung zu unterst\u00fctzen.\nLeitfaden f\u00fcr &#8222;eine neue Perspektive&#8220;. Wer ist Gerben Welling?&nbsp;&nbsp;&nbsp;&nbsp;&nbsp;&nbsp;&nbsp;&nbsp;&nbsp;&nbsp;&nbsp;&nbsp;&nbsp;&nbsp;&nbsp;&nbsp;&nbsp;&nbsp;&nbsp;&nbsp;&nbsp;&nbsp;&nbsp;&nbsp;&nbsp;&nbsp;&nbsp;&nbsp;&nbsp;&nbsp;&nbsp;&nbsp;&nbsp;&nbsp;&nbsp;&nbsp;&nbsp;&nbsp;&nbsp;&nbsp;&nbsp; &nbsp;<strong><\/strong><\/p>\n\n\n\n<p>&#8222;Auch in meinem\nPatienten sind gestorben&#8220;, sagte der Interimsdirektor. <\/p>\n\n\n\n<p>Einmal gestartet\nGerben ist Medizinfotograf in Ausbildung an der Klinik f\u00fcr Herzchirurgie in der\nAZU in Utrecht. Eine Initiative, die ihren nat\u00fcrlichen Reflex nimmt &#8211; die Pflege der\nverletzlich &#8211; und brachte ihn bald dazu, eine v\u00f6llig andere Wendung zu nehmen. Es\nDie Kamera wurde gegen den wei\u00dfen Anzug getauscht und Welling begann mit dem Training\nf\u00fcr Krankenschwester. &#8222;Ich war ber\u00fchrt von der Leidenschaft der Pflegekr\u00e4fte und dem Gef\u00fchl der\nder Arbeit, durch das, was man f\u00fcr die Menschen tun kann. Ich habe meine\nKrankenpflegekurse A und Intensivpflege in der Amsterdamer Onze\nLieve Vrouwe Gasthuis&#8220;, sagt der heute 63-j\u00e4hrige geb\u00fcrtige Rotterdamer. <\/p>\n\n\n\n<p>Mit 36 Jahren\nGerben wechselte in die Krankenwagenversorgung. &#8222;Das war beeindruckend und\nNicht nur wegen der Wiederbelebungen oder des Traumas. Es war vor allem die Band, die\nmanchmal mit Bestrahlungspatienten, die Sie wiederholt im Auto hatten. Das\nDie N\u00e4he zu den Patienten war ergreifend und etwas ganz Besonderes.&#8220; Welling-S\u00e4ge funktioniert\nVorbei ist der Raum f\u00fcr Professionalisierung in der Krankenwagenversorgung. So wuchs der Wunsch nach\nsich in die Politikgestaltung einzumischen. Als er 1993 in Valkenswaard war\nanfing, ihn f\u00fcr eine Rolle im Management zu zerren, tauschte er das Bett\nf\u00fcr die Agentur. Dann, im Jahr 2002, wechselte er in die akute\nHaus\u00e4rztliche Versorgung, der Hausarztdienst au\u00dferhalb der Gesch\u00e4ftszeiten. Gerben: &#8222;Es ist ein besonderer Ort, um\nan Menschen, die oft besorgt, aber manchmal auch akut sehr krank sind.&#8220;\nBis Mitte 2017 arbeitete Welling f\u00fcr die Huisartsenposten Oost Brabant,\ndavon die letzten 8 Jahre als Pr\u00e4sident des Verwaltungsrats. Dabei hat er\nsetzt sich unter anderem daf\u00fcr ein, die Zusammenarbeit&nbsp;zwischen\nNotfallversorgung und Langzeitpflege. Gerben\nkonzentriert sich gerne auf soziale Themen mit der Absicht,\nSolidarit\u00e4t so gut wie m\u00f6glich. &#8222;Die st\u00e4rksten Schultern tragen die schwersten\nB\u00fcrde. Es klingt so einfach, aber in der Praxis ist es viel schwieriger.&nbsp; Im Gesundheitswesen habe ich gesehen, wie leicht es den Menschen f\u00e4llt,\nzwischen zwei St\u00fchle fallen&#8220;, sagt der Mann, der 2017 noch ernsthaft involviert war\num Mitglied des Repr\u00e4sentantenhauses f\u00fcr die PvdA zu werden. <\/p>\n\n\n\n<p>Hat Gerben\nHaben Sie jemals seine Entscheidung bereut, das Bett gegen den Schreibtisch einzutauschen? &#8222;Es gibt\nEs gab zwei Momente, in denen ich mir diese Frage gestellt habe. Wenn mein\nVater landete auf der Intensivstation und Anfang dieses Jahres, als Covid-19 auftauchte.\nAber nein, es hat sich viel ver\u00e4ndert und die Akutversorgung ist Erlebnisarbeit. Dies erfordert\nRoutine. Ich genie\u00dfe und bin jetzt zufrieden mit der Interimsarbeit.\nUm Organisationen oder Prozesse, die ins Stocken geraten sind, wieder auf Kurs zu bringen. Praktisch\nhat mir gezeigt, dass dies oft unter Beibehaltung der gleichen Leute m\u00f6glich ist.&#8220; <\/p>\n\n\n\n<p>Der Vater von\nZwei erwachsene S\u00f6hne glauben an gut organisierte Organisationen, in denen Menschen\nsich selbst erkennen. Er freut sich auf eine neue gemeinsame Perspektive\nf\u00fcr SHR und DDDB. &#8222;In naher Zukunft m\u00f6chte ich\nSie und besuchen Sie die Beitr\u00e4ge so schnell wie m\u00f6glich. Wenn Sie fr\u00fcher mit mir sprechen m\u00f6chten oder\nIch m\u00f6chte nur etwas sagen, kann gerne anrufen oder eine E-Mail senden&#8220;, sagte er.\nGerben Welling. 0651269353 oder info@gerbenwelling.nl<\/p>\n","protected":false},"excerpt":{"rendered":"<p>Seit Ende August steht Gerben Welling an der Spitze der DDDB und des SHR. In den n\u00e4chsten sechs Monaten wird er sich daf\u00fcr einsetzen, sowohl Organisationen als auch die Crew zu einer &#8222;neuen Perspektive&#8220; zu f\u00fchren. Wer ist Gerben Welling?&nbsp;&nbsp;&nbsp;&nbsp;&nbsp;&nbsp;&nbsp;&nbsp;&nbsp;&nbsp;&nbsp;&nbsp;&nbsp;&nbsp;&nbsp;&nbsp;&nbsp;&nbsp;&nbsp;&nbsp;&nbsp;&nbsp;&nbsp;&nbsp;&nbsp;&nbsp;&nbsp;&nbsp;&nbsp;&nbsp;&nbsp;&nbsp;&nbsp;&nbsp;&nbsp;&nbsp;&nbsp;&nbsp;&nbsp;&nbsp;&nbsp; &nbsp; &#8222;Auch in meinen H\u00e4nden sind Patienten gestorben&#8220;, sagte der Interimsdirektor. Gerben begann als medizinischer Fotograf in der Ausbildung an der herzchirurgischen Abteilung der AZU in Utrecht. Eine Initiative, die seinen nat\u00fcrlichen Reflex \u2013 die F\u00fcrsorge f\u00fcr die Verletzlichen \u2013 entfachte und ihn bald dazu brachte, eine v\u00f6llig andere Wendung zu nehmen. Die Kamera wurde gegen die wei\u00dfe [&#8230;]<\/p>\n","protected":false},"author":3,"featured_media":0,"comment_status":"open","ping_status":"open","sticky":false,"template":"","format":"standard","meta":{"_acf_changed":false,"_trash_the_other_posts":false,"editor_notices":[],"footnotes":""},"categories":[47],"class_list":["post-5194","post","type-post","status-publish","format-standard","hentry","category-intern-nieuws"],"acf":[],"yoast_head":"<!-- This site is optimized with the Yoast SEO plugin v26.6 - https:\/\/yoast.com\/wordpress\/plugins\/seo\/ -->\n<title>Lassen Sie mich mich vorstellen. Unser neuer Interimsdirektor - Huisartsenposten De Limes - Deutsch<\/title>\n<meta name=\"robots\" content=\"index, follow, max-snippet:-1, max-image-preview:large, max-video-preview:-1\" \/>\n<link rel=\"canonical\" href=\"https:\/\/huisartsenpostendelimes.nl\/de\/nieuws\/wir-stellen-unseren-neuen-interimsdirektor-vor\/\" \/>\n<meta property=\"og:locale\" content=\"de_DE\" \/>\n<meta property=\"og:type\" content=\"article\" \/>\n<meta property=\"og:title\" content=\"Lassen Sie mich mich vorstellen. Unser neuer Interimsdirektor - Huisartsenposten De Limes - Deutsch\" \/>\n<meta property=\"og:description\" content=\"Seit Ende August steht Gerben Welling an der Spitze der DDDB und des SHR. In den n\u00e4chsten sechs Monaten wird er sich daf\u00fcr einsetzen, sowohl Organisationen als auch die Crew zu einer &quot;neuen Perspektive&quot; zu f\u00fchren. Wer ist Gerben Welling?&nbsp;&nbsp;&nbsp;&nbsp;&nbsp;&nbsp;&nbsp;&nbsp;&nbsp;&nbsp;&nbsp;&nbsp;&nbsp;&nbsp;&nbsp;&nbsp;&nbsp;&nbsp;&nbsp;&nbsp;&nbsp;&nbsp;&nbsp;&nbsp;&nbsp;&nbsp;&nbsp;&nbsp;&nbsp;&nbsp;&nbsp;&nbsp;&nbsp;&nbsp;&nbsp;&nbsp;&nbsp;&nbsp;&nbsp;&nbsp;&nbsp; &nbsp; &quot;Auch in meinen H\u00e4nden sind Patienten gestorben&quot;, sagte der Interimsdirektor. Gerben begann als medizinischer Fotograf in der Ausbildung an der herzchirurgischen Abteilung der AZU in Utrecht. Eine Initiative, die seinen nat\u00fcrlichen Reflex \u2013 die F\u00fcrsorge f\u00fcr die Verletzlichen \u2013 entfachte und ihn bald dazu brachte, eine v\u00f6llig andere Wendung zu nehmen. Die Kamera wurde gegen die wei\u00dfe [...]\" \/>\n<meta property=\"og:url\" content=\"https:\/\/huisartsenpostendelimes.nl\/de\/nieuws\/wir-stellen-unseren-neuen-interimsdirektor-vor\/\" \/>\n<meta property=\"og:site_name\" content=\"Huisartsenposten De Limes - Deutsch\" \/>\n<meta property=\"article:published_time\" content=\"2020-09-10T12:57:53+00:00\" \/>\n<meta property=\"article:modified_time\" content=\"2024-05-19T14:26:11+00:00\" \/>\n<meta property=\"og:image\" content=\"https:\/\/temporary.mindd.dev\/wp-content\/uploads\/2020\/09\/gerben-welling-bewerkt.jpg\" \/>\n<meta name=\"author\" content=\"MINDD\" \/>\n<meta name=\"twitter:card\" content=\"summary_large_image\" \/>\n<meta name=\"twitter:label1\" content=\"Verfasst von\" \/>\n\t<meta name=\"twitter:data1\" content=\"MINDD\" \/>\n\t<meta name=\"twitter:label2\" content=\"Gesch\u00e4tzte Lesezeit\" \/>\n\t<meta name=\"twitter:data2\" content=\"3\u00a0Minuten\" \/>\n<script type=\"application\/ld+json\" class=\"yoast-schema-graph\">{\"@context\":\"https:\/\/schema.org\",\"@graph\":[{\"@type\":\"WebPage\",\"@id\":\"https:\/\/huisartsenpostendelimes.nl\/de\/nieuws\/wir-stellen-unseren-neuen-interimsdirektor-vor\/\",\"url\":\"https:\/\/huisartsenpostendelimes.nl\/de\/nieuws\/wir-stellen-unseren-neuen-interimsdirektor-vor\/\",\"name\":\"Lassen Sie mich mich vorstellen. Unser neuer Interimsdirektor - Huisartsenposten De Limes - Deutsch\",\"isPartOf\":{\"@id\":\"https:\/\/huisartsenpostendelimes.nl\/de\/#website\"},\"primaryImageOfPage\":{\"@id\":\"https:\/\/huisartsenpostendelimes.nl\/de\/nieuws\/wir-stellen-unseren-neuen-interimsdirektor-vor\/#primaryimage\"},\"image\":{\"@id\":\"https:\/\/huisartsenpostendelimes.nl\/de\/nieuws\/wir-stellen-unseren-neuen-interimsdirektor-vor\/#primaryimage\"},\"thumbnailUrl\":\"https:\/\/temporary.mindd.dev\/wp-content\/uploads\/2020\/09\/gerben-welling-bewerkt.jpg\",\"datePublished\":\"2020-09-10T12:57:53+00:00\",\"dateModified\":\"2024-05-19T14:26:11+00:00\",\"author\":{\"@id\":\"https:\/\/huisartsenpostendelimes.nl\/de\/#\/schema\/person\/a9e28e081516b814b3224fb1c8f07206\"},\"breadcrumb\":{\"@id\":\"https:\/\/huisartsenpostendelimes.nl\/de\/nieuws\/wir-stellen-unseren-neuen-interimsdirektor-vor\/#breadcrumb\"},\"inLanguage\":\"de\",\"potentialAction\":[{\"@type\":\"ReadAction\",\"target\":[\"https:\/\/huisartsenpostendelimes.nl\/de\/nieuws\/wir-stellen-unseren-neuen-interimsdirektor-vor\/\"]}]},{\"@type\":\"ImageObject\",\"inLanguage\":\"de\",\"@id\":\"https:\/\/huisartsenpostendelimes.nl\/de\/nieuws\/wir-stellen-unseren-neuen-interimsdirektor-vor\/#primaryimage\",\"url\":\"https:\/\/temporary.mindd.dev\/wp-content\/uploads\/2020\/09\/gerben-welling-bewerkt.jpg\",\"contentUrl\":\"https:\/\/temporary.mindd.dev\/wp-content\/uploads\/2020\/09\/gerben-welling-bewerkt.jpg\"},{\"@type\":\"BreadcrumbList\",\"@id\":\"https:\/\/huisartsenpostendelimes.nl\/de\/nieuws\/wir-stellen-unseren-neuen-interimsdirektor-vor\/#breadcrumb\",\"itemListElement\":[{\"@type\":\"ListItem\",\"position\":1,\"name\":\"Home\",\"item\":\"https:\/\/huisartsenpostendelimes.nl\/de\/\"},{\"@type\":\"ListItem\",\"position\":2,\"name\":\"Lassen Sie mich mich vorstellen. Unser neuer Interimsdirektor\"}]},{\"@type\":\"WebSite\",\"@id\":\"https:\/\/huisartsenpostendelimes.nl\/de\/#website\",\"url\":\"https:\/\/huisartsenpostendelimes.nl\/de\/\",\"name\":\"Huisartsenposten De Limes - Deutsch\",\"description\":\"\",\"potentialAction\":[{\"@type\":\"SearchAction\",\"target\":{\"@type\":\"EntryPoint\",\"urlTemplate\":\"https:\/\/huisartsenpostendelimes.nl\/de\/?s={search_term_string}\"},\"query-input\":{\"@type\":\"PropertyValueSpecification\",\"valueRequired\":true,\"valueName\":\"search_term_string\"}}],\"inLanguage\":\"de\"},{\"@type\":\"Person\",\"@id\":\"https:\/\/huisartsenpostendelimes.nl\/de\/#\/schema\/person\/a9e28e081516b814b3224fb1c8f07206\",\"name\":\"MINDD\",\"image\":{\"@type\":\"ImageObject\",\"inLanguage\":\"de\",\"@id\":\"https:\/\/huisartsenpostendelimes.nl\/de\/#\/schema\/person\/image\/\",\"url\":\"https:\/\/huisartsenpostendelimes.nl\/de\/wp-content\/litespeed\/avatar\/136\/cb20a4a779c84cdbe340e6ad267e9e9a.jpg?ver=1777405932\",\"contentUrl\":\"https:\/\/huisartsenpostendelimes.nl\/de\/wp-content\/litespeed\/avatar\/136\/cb20a4a779c84cdbe340e6ad267e9e9a.jpg?ver=1777405932\",\"caption\":\"MINDD\"},\"url\":\"https:\/\/huisartsenpostendelimes.nl\/de\/nieuws\/author\/mindd-beheer\/\"}]}<\/script>\n<!-- \/ Yoast SEO plugin. -->","yoast_head_json":{"title":"Lassen Sie mich mich vorstellen. Unser neuer Interimsdirektor - Huisartsenposten De Limes - Deutsch","robots":{"index":"index","follow":"follow","max-snippet":"max-snippet:-1","max-image-preview":"max-image-preview:large","max-video-preview":"max-video-preview:-1"},"canonical":"https:\/\/huisartsenpostendelimes.nl\/de\/nieuws\/wir-stellen-unseren-neuen-interimsdirektor-vor\/","og_locale":"de_DE","og_type":"article","og_title":"Lassen Sie mich mich vorstellen. Unser neuer Interimsdirektor - Huisartsenposten De Limes - Deutsch","og_description":"Seit Ende August steht Gerben Welling an der Spitze der DDDB und des SHR. In den n\u00e4chsten sechs Monaten wird er sich daf\u00fcr einsetzen, sowohl Organisationen als auch die Crew zu einer \"neuen Perspektive\" zu f\u00fchren. Wer ist Gerben Welling?&nbsp;&nbsp;&nbsp;&nbsp;&nbsp;&nbsp;&nbsp;&nbsp;&nbsp;&nbsp;&nbsp;&nbsp;&nbsp;&nbsp;&nbsp;&nbsp;&nbsp;&nbsp;&nbsp;&nbsp;&nbsp;&nbsp;&nbsp;&nbsp;&nbsp;&nbsp;&nbsp;&nbsp;&nbsp;&nbsp;&nbsp;&nbsp;&nbsp;&nbsp;&nbsp;&nbsp;&nbsp;&nbsp;&nbsp;&nbsp;&nbsp; &nbsp; \"Auch in meinen H\u00e4nden sind Patienten gestorben\", sagte der Interimsdirektor. Gerben begann als medizinischer Fotograf in der Ausbildung an der herzchirurgischen Abteilung der AZU in Utrecht. Eine Initiative, die seinen nat\u00fcrlichen Reflex \u2013 die F\u00fcrsorge f\u00fcr die Verletzlichen \u2013 entfachte und ihn bald dazu brachte, eine v\u00f6llig andere Wendung zu nehmen. Die Kamera wurde gegen die wei\u00dfe [...]","og_url":"https:\/\/huisartsenpostendelimes.nl\/de\/nieuws\/wir-stellen-unseren-neuen-interimsdirektor-vor\/","og_site_name":"Huisartsenposten De Limes - Deutsch","article_published_time":"2020-09-10T12:57:53+00:00","article_modified_time":"2024-05-19T14:26:11+00:00","og_image":[{"url":"https:\/\/temporary.mindd.dev\/wp-content\/uploads\/2020\/09\/gerben-welling-bewerkt.jpg","type":"","width":"","height":""}],"author":"MINDD","twitter_card":"summary_large_image","twitter_misc":{"Verfasst von":"MINDD","Gesch\u00e4tzte Lesezeit":"3\u00a0Minuten"},"schema":{"@context":"https:\/\/schema.org","@graph":[{"@type":"WebPage","@id":"https:\/\/huisartsenpostendelimes.nl\/de\/nieuws\/wir-stellen-unseren-neuen-interimsdirektor-vor\/","url":"https:\/\/huisartsenpostendelimes.nl\/de\/nieuws\/wir-stellen-unseren-neuen-interimsdirektor-vor\/","name":"Lassen Sie mich mich vorstellen. Unser neuer Interimsdirektor - Huisartsenposten De Limes - Deutsch","isPartOf":{"@id":"https:\/\/huisartsenpostendelimes.nl\/de\/#website"},"primaryImageOfPage":{"@id":"https:\/\/huisartsenpostendelimes.nl\/de\/nieuws\/wir-stellen-unseren-neuen-interimsdirektor-vor\/#primaryimage"},"image":{"@id":"https:\/\/huisartsenpostendelimes.nl\/de\/nieuws\/wir-stellen-unseren-neuen-interimsdirektor-vor\/#primaryimage"},"thumbnailUrl":"https:\/\/temporary.mindd.dev\/wp-content\/uploads\/2020\/09\/gerben-welling-bewerkt.jpg","datePublished":"2020-09-10T12:57:53+00:00","dateModified":"2024-05-19T14:26:11+00:00","author":{"@id":"https:\/\/huisartsenpostendelimes.nl\/de\/#\/schema\/person\/a9e28e081516b814b3224fb1c8f07206"},"breadcrumb":{"@id":"https:\/\/huisartsenpostendelimes.nl\/de\/nieuws\/wir-stellen-unseren-neuen-interimsdirektor-vor\/#breadcrumb"},"inLanguage":"de","potentialAction":[{"@type":"ReadAction","target":["https:\/\/huisartsenpostendelimes.nl\/de\/nieuws\/wir-stellen-unseren-neuen-interimsdirektor-vor\/"]}]},{"@type":"ImageObject","inLanguage":"de","@id":"https:\/\/huisartsenpostendelimes.nl\/de\/nieuws\/wir-stellen-unseren-neuen-interimsdirektor-vor\/#primaryimage","url":"https:\/\/temporary.mindd.dev\/wp-content\/uploads\/2020\/09\/gerben-welling-bewerkt.jpg","contentUrl":"https:\/\/temporary.mindd.dev\/wp-content\/uploads\/2020\/09\/gerben-welling-bewerkt.jpg"},{"@type":"BreadcrumbList","@id":"https:\/\/huisartsenpostendelimes.nl\/de\/nieuws\/wir-stellen-unseren-neuen-interimsdirektor-vor\/#breadcrumb","itemListElement":[{"@type":"ListItem","position":1,"name":"Home","item":"https:\/\/huisartsenpostendelimes.nl\/de\/"},{"@type":"ListItem","position":2,"name":"Lassen Sie mich mich vorstellen. Unser neuer Interimsdirektor"}]},{"@type":"WebSite","@id":"https:\/\/huisartsenpostendelimes.nl\/de\/#website","url":"https:\/\/huisartsenpostendelimes.nl\/de\/","name":"Huisartsenposten De Limes - Deutsch","description":"","potentialAction":[{"@type":"SearchAction","target":{"@type":"EntryPoint","urlTemplate":"https:\/\/huisartsenpostendelimes.nl\/de\/?s={search_term_string}"},"query-input":{"@type":"PropertyValueSpecification","valueRequired":true,"valueName":"search_term_string"}}],"inLanguage":"de"},{"@type":"Person","@id":"https:\/\/huisartsenpostendelimes.nl\/de\/#\/schema\/person\/a9e28e081516b814b3224fb1c8f07206","name":"MINDD","image":{"@type":"ImageObject","inLanguage":"de","@id":"https:\/\/huisartsenpostendelimes.nl\/de\/#\/schema\/person\/image\/","url":"https:\/\/huisartsenpostendelimes.nl\/de\/wp-content\/litespeed\/avatar\/136\/cb20a4a779c84cdbe340e6ad267e9e9a.jpg?ver=1777405932","contentUrl":"https:\/\/huisartsenpostendelimes.nl\/de\/wp-content\/litespeed\/avatar\/136\/cb20a4a779c84cdbe340e6ad267e9e9a.jpg?ver=1777405932","caption":"MINDD"},"url":"https:\/\/huisartsenpostendelimes.nl\/de\/nieuws\/author\/mindd-beheer\/"}]}},"_links":{"self":[{"href":"https:\/\/huisartsenpostendelimes.nl\/de\/wp-json\/wp\/v2\/posts\/5194","targetHints":{"allow":["GET"]}}],"collection":[{"href":"https:\/\/huisartsenpostendelimes.nl\/de\/wp-json\/wp\/v2\/posts"}],"about":[{"href":"https:\/\/huisartsenpostendelimes.nl\/de\/wp-json\/wp\/v2\/types\/post"}],"author":[{"embeddable":true,"href":"https:\/\/huisartsenpostendelimes.nl\/de\/wp-json\/wp\/v2\/users\/3"}],"replies":[{"embeddable":true,"href":"https:\/\/huisartsenpostendelimes.nl\/de\/wp-json\/wp\/v2\/comments?post=5194"}],"version-history":[{"count":1,"href":"https:\/\/huisartsenpostendelimes.nl\/de\/wp-json\/wp\/v2\/posts\/5194\/revisions"}],"predecessor-version":[{"id":56349,"href":"https:\/\/huisartsenpostendelimes.nl\/de\/wp-json\/wp\/v2\/posts\/5194\/revisions\/56349"}],"wp:attachment":[{"href":"https:\/\/huisartsenpostendelimes.nl\/de\/wp-json\/wp\/v2\/media?parent=5194"}],"wp:term":[{"taxonomy":"category","embeddable":true,"href":"https:\/\/huisartsenpostendelimes.nl\/de\/wp-json\/wp\/v2\/categories?post=5194"}],"curies":[{"name":"wp","href":"https:\/\/api.w.org\/{rel}","templated":true}]}}