{"id":6364,"date":"2021-07-20T13:33:03","date_gmt":"2021-07-20T11:33:03","guid":{"rendered":"https:\/\/temporary.mindd.dev\/?p=6364"},"modified":"2024-05-19T16:26:48","modified_gmt":"2024-05-19T14:26:48","slug":"stellenangebot-programmkoordinator-lumc","status":"publish","type":"post","link":"https:\/\/huisartsenpostendelimes.nl\/de\/nieuws\/stellenangebot-programmkoordinator-lumc\/","title":{"rendered":"Koordinator des Stellenprogramms LUMC"},"content":{"rendered":"\n<p><em>von Geller Agterberg &#8211; Allgemeinmediziner in Rijswijk. Koordinator Dienstleistungen LUMC und Tutor 2. Phase LUMC<\/em><em><\/em><\/p>\n\n\n\n<p>Programmkoordinator LUMC am Arztposten Limes &#8211; SHR &#8211; (0.11 FTE, 4 Stunden) per 1. September 2021 gesucht. Sind Sie der &#8222;Bindeglied&#8220;, der in der Lage ist, die Mitarbeiter des Arztpostens,&nbsp; die Ausbilder und die Auszubildenden zu verbinden und so das sichere Ausbildungsklima im Bereitschaftsdienst des Hausarztes aufrechtzuerhalten?<\/p>\n\n\n\n<p><strong>Die Ausbildung zum Allgemeinmediziner<\/strong><br>Das LUMC General Practice Programme ist Teil des Department of Public Health and Primary Care (PHEG) und des zugeh\u00f6rigen Netzwerks von Allgemeinmedizin, institutioneller Pflege und Geriatrie, Public Health und medizinischer Anthropologie.<\/p>\n\n\n\n<p><strong>Stellenbeschreibung<\/strong><br>Koordination der Ausbildung von Assistenz\u00e4rzten im Hausarztdienst au\u00dferhalb der \u00d6ffnungszeiten. Der Studiengangskoordinator hat eine Verbindungsfunktion vom LUMC zum Arztposten und umgekehrt.<br>Koordination der Inhalte der Ausbildung auf dem Posten f\u00fcr AIOS.<br>Gestaltung der Richtlinien f\u00fcr Dienstleistungen in der Arztpraxis.<br>Mitdenken bei der Qualit\u00e4tsverbesserung und Bildungsinnovation.<br>Ansprechpartner f\u00fcr Bewohner und Ausbilder in Bezug auf den Service auf dem Posten.<\/p>\n\n\n\n<p><strong>Was verlangen wir? <\/strong><br>Sie sind in der Lage, die Post zu f\u00fchren, um trotz aller Hektik w\u00e4hrend der Arbeitszeit einen lehrreichen Ausbildungsplatz f\u00fcr den Auszubildenden zu schaffen. Sie sind f\u00fcr die Qualit\u00e4t der Ausbildung auf dem Posten gem\u00e4\u00df den Anforderungen des Programms verantwortlich. Sie sind praktizierender und erfahrener Hausarzt in der Region der Arztpraxis. Besonderes Augenmerk legen Sie auf die Notfallversorgung. Sie verf\u00fcgen \u00fcber die n\u00f6tige Erfahrung als Trainer oder als Lehrer. Sie verfolgen die aktuellen Entwicklungen in der haus\u00e4rztlichen Versorgung genau und sind offen f\u00fcr Erneuerung und Innovation. Sie sind in der Lage, Menschen zu begeistern und zu begeistern.<\/p>\n\n\n\n<p><strong>Was bieten wir?<\/strong><br>Aktuell gibt es freie Fl\u00e4chen f\u00fcr 4 Stunden pro Woche. Die Ernennung erfolgt zun\u00e4chst f\u00fcr einen Zeitraum von einem Jahr. Bei bew\u00e4hrter Eignung ist eine Verl\u00e4ngerung m\u00f6glich. Das Gehalt richtet sich nach dem Gesamtarbeitsvertrag f\u00fcr akademische Krankenh\u00e4user.<\/p>\n\n\n\n<p><strong>Verfahren<\/strong><br>Sie k\u00f6nnen Ihr Bewerbungsschreiben + Ihren Lebenslauf (mit dem Vermerk &#8222;Ausbildungskoordinator bei der Hausarztstelle (HAP)&#8220; vor dem 1. August 2021 per E-Mail an folgende Adresse senden <a href=\"mailto:C.H.J.de_Koning-Fennes@lumc.nl\">: C.H.J.de_Koning-Fennes@lumc.nl<\/a><\/p>\n\n\n\n<p><strong>Information<\/strong><br>F\u00fcr weitere Informationen wenden Sie sich bitte an Geller Agterberg, Koordinator der Dienste LUMC-PHEG, der telefonisch \u00fcber das Sekretariat (071-5268433) oder per E-Mail erreichbar ist:&nbsp; G.Agterberg@lumc.nl<\/p>\n","protected":false},"excerpt":{"rendered":"<p>von Geller Agterberg \u2013 Allgemeinmediziner in Rijswijk. Koordinator Dienstleistungen LUMC und Tutor LUMC 2. Phase LUMC Programmkoordinator LUMC auf dem Arztposten Limes- SHR \u2013 (0,11 VZ\u00c4, 4 Stunden) gesucht ab 1. September 2021. Sind Sie der &#8222;Bindeglied&#8220;, der in der Lage ist, die Mitarbeiter des Arztpostens,&nbsp; die Ausbilder und die Auszubildenden zu verbinden und so das sichere Ausbildungsklima im Bereitschaftsdienst des Hausarztes aufrechtzuerhalten? Das Ausbildungsprogramm f\u00fcr Allgemeinmediziner ist Teil des Department of Public Health and Primary Care (PHEG) und des zugeh\u00f6rigen Netzwerks von Allgemeinmedizin, Anstaltspflege und Geriatrie, Public Health und medizinischer Anthropologie. StellenbeschreibungKoordination von [&#8230;]<\/p>\n","protected":false},"author":3,"featured_media":0,"comment_status":"open","ping_status":"open","sticky":false,"template":"","format":"standard","meta":{"_acf_changed":false,"_trash_the_other_posts":false,"editor_notices":[],"footnotes":""},"categories":[47],"class_list":["post-6364","post","type-post","status-publish","format-standard","hentry","category-intern-nieuws"],"acf":[],"yoast_head":"<!-- This site is optimized with the Yoast SEO plugin v26.6 - https:\/\/yoast.com\/wordpress\/plugins\/seo\/ -->\n<title>Koordinator des Stellenprogramms LUMC - Huisartsenposten De Limes - Deutsch<\/title>\n<meta name=\"robots\" content=\"index, follow, max-snippet:-1, max-image-preview:large, max-video-preview:-1\" \/>\n<link rel=\"canonical\" href=\"https:\/\/huisartsenpostendelimes.nl\/de\/nieuws\/stellenangebot-programmkoordinator-lumc\/\" \/>\n<meta property=\"og:locale\" content=\"de_DE\" \/>\n<meta property=\"og:type\" content=\"article\" \/>\n<meta property=\"og:title\" content=\"Koordinator des Stellenprogramms LUMC - Huisartsenposten De Limes - Deutsch\" \/>\n<meta property=\"og:description\" content=\"von Geller Agterberg \u2013 Allgemeinmediziner in Rijswijk. Koordinator Dienstleistungen LUMC und Tutor LUMC 2. Phase LUMC Programmkoordinator LUMC auf dem Arztposten Limes- SHR \u2013 (0,11 VZ\u00c4, 4 Stunden) gesucht ab 1. September 2021. Sind Sie der &quot;Bindeglied&quot;, der in der Lage ist, die Mitarbeiter des Arztpostens,&nbsp; die Ausbilder und die Auszubildenden zu verbinden und so das sichere Ausbildungsklima im Bereitschaftsdienst des Hausarztes aufrechtzuerhalten? Das Ausbildungsprogramm f\u00fcr Allgemeinmediziner ist Teil des Department of Public Health and Primary Care (PHEG) und des zugeh\u00f6rigen Netzwerks von Allgemeinmedizin, Anstaltspflege und Geriatrie, Public Health und medizinischer Anthropologie. StellenbeschreibungKoordination von [...]\" \/>\n<meta property=\"og:url\" content=\"https:\/\/huisartsenpostendelimes.nl\/de\/nieuws\/stellenangebot-programmkoordinator-lumc\/\" \/>\n<meta property=\"og:site_name\" content=\"Huisartsenposten De Limes - Deutsch\" \/>\n<meta property=\"article:published_time\" content=\"2021-07-20T11:33:03+00:00\" \/>\n<meta property=\"article:modified_time\" content=\"2024-05-19T14:26:48+00:00\" \/>\n<meta name=\"author\" content=\"MINDD\" \/>\n<meta name=\"twitter:card\" content=\"summary_large_image\" \/>\n<meta name=\"twitter:label1\" content=\"Verfasst von\" \/>\n\t<meta name=\"twitter:data1\" content=\"MINDD\" \/>\n\t<meta name=\"twitter:label2\" content=\"Gesch\u00e4tzte Lesezeit\" \/>\n\t<meta name=\"twitter:data2\" content=\"2\u00a0Minuten\" \/>\n<script type=\"application\/ld+json\" class=\"yoast-schema-graph\">{\"@context\":\"https:\/\/schema.org\",\"@graph\":[{\"@type\":\"WebPage\",\"@id\":\"https:\/\/huisartsenpostendelimes.nl\/de\/nieuws\/stellenangebot-programmkoordinator-lumc\/\",\"url\":\"https:\/\/huisartsenpostendelimes.nl\/de\/nieuws\/stellenangebot-programmkoordinator-lumc\/\",\"name\":\"Koordinator des Stellenprogramms LUMC - Huisartsenposten De Limes - Deutsch\",\"isPartOf\":{\"@id\":\"https:\/\/huisartsenpostendelimes.nl\/de\/#website\"},\"datePublished\":\"2021-07-20T11:33:03+00:00\",\"dateModified\":\"2024-05-19T14:26:48+00:00\",\"author\":{\"@id\":\"https:\/\/huisartsenpostendelimes.nl\/de\/#\/schema\/person\/a9e28e081516b814b3224fb1c8f07206\"},\"breadcrumb\":{\"@id\":\"https:\/\/huisartsenpostendelimes.nl\/de\/nieuws\/stellenangebot-programmkoordinator-lumc\/#breadcrumb\"},\"inLanguage\":\"de\",\"potentialAction\":[{\"@type\":\"ReadAction\",\"target\":[\"https:\/\/huisartsenpostendelimes.nl\/de\/nieuws\/stellenangebot-programmkoordinator-lumc\/\"]}]},{\"@type\":\"BreadcrumbList\",\"@id\":\"https:\/\/huisartsenpostendelimes.nl\/de\/nieuws\/stellenangebot-programmkoordinator-lumc\/#breadcrumb\",\"itemListElement\":[{\"@type\":\"ListItem\",\"position\":1,\"name\":\"Home\",\"item\":\"https:\/\/huisartsenpostendelimes.nl\/de\/\"},{\"@type\":\"ListItem\",\"position\":2,\"name\":\"Koordinator des Stellenprogramms LUMC\"}]},{\"@type\":\"WebSite\",\"@id\":\"https:\/\/huisartsenpostendelimes.nl\/de\/#website\",\"url\":\"https:\/\/huisartsenpostendelimes.nl\/de\/\",\"name\":\"Huisartsenposten De Limes - Deutsch\",\"description\":\"\",\"potentialAction\":[{\"@type\":\"SearchAction\",\"target\":{\"@type\":\"EntryPoint\",\"urlTemplate\":\"https:\/\/huisartsenpostendelimes.nl\/de\/?s={search_term_string}\"},\"query-input\":{\"@type\":\"PropertyValueSpecification\",\"valueRequired\":true,\"valueName\":\"search_term_string\"}}],\"inLanguage\":\"de\"},{\"@type\":\"Person\",\"@id\":\"https:\/\/huisartsenpostendelimes.nl\/de\/#\/schema\/person\/a9e28e081516b814b3224fb1c8f07206\",\"name\":\"MINDD\",\"image\":{\"@type\":\"ImageObject\",\"inLanguage\":\"de\",\"@id\":\"https:\/\/huisartsenpostendelimes.nl\/de\/#\/schema\/person\/image\/\",\"url\":\"https:\/\/huisartsenpostendelimes.nl\/de\/wp-content\/litespeed\/avatar\/136\/cb20a4a779c84cdbe340e6ad267e9e9a.jpg?ver=1777405932\",\"contentUrl\":\"https:\/\/huisartsenpostendelimes.nl\/de\/wp-content\/litespeed\/avatar\/136\/cb20a4a779c84cdbe340e6ad267e9e9a.jpg?ver=1777405932\",\"caption\":\"MINDD\"},\"url\":\"https:\/\/huisartsenpostendelimes.nl\/de\/nieuws\/author\/mindd-beheer\/\"}]}<\/script>\n<!-- \/ Yoast SEO plugin. -->","yoast_head_json":{"title":"Koordinator des Stellenprogramms LUMC - Huisartsenposten De Limes - Deutsch","robots":{"index":"index","follow":"follow","max-snippet":"max-snippet:-1","max-image-preview":"max-image-preview:large","max-video-preview":"max-video-preview:-1"},"canonical":"https:\/\/huisartsenpostendelimes.nl\/de\/nieuws\/stellenangebot-programmkoordinator-lumc\/","og_locale":"de_DE","og_type":"article","og_title":"Koordinator des Stellenprogramms LUMC - Huisartsenposten De Limes - Deutsch","og_description":"von Geller Agterberg \u2013 Allgemeinmediziner in Rijswijk. Koordinator Dienstleistungen LUMC und Tutor LUMC 2. Phase LUMC Programmkoordinator LUMC auf dem Arztposten Limes- SHR \u2013 (0,11 VZ\u00c4, 4 Stunden) gesucht ab 1. September 2021. Sind Sie der \"Bindeglied\", der in der Lage ist, die Mitarbeiter des Arztpostens,&nbsp; die Ausbilder und die Auszubildenden zu verbinden und so das sichere Ausbildungsklima im Bereitschaftsdienst des Hausarztes aufrechtzuerhalten? Das Ausbildungsprogramm f\u00fcr Allgemeinmediziner ist Teil des Department of Public Health and Primary Care (PHEG) und des zugeh\u00f6rigen Netzwerks von Allgemeinmedizin, Anstaltspflege und Geriatrie, Public Health und medizinischer Anthropologie. StellenbeschreibungKoordination von [...]","og_url":"https:\/\/huisartsenpostendelimes.nl\/de\/nieuws\/stellenangebot-programmkoordinator-lumc\/","og_site_name":"Huisartsenposten De Limes - Deutsch","article_published_time":"2021-07-20T11:33:03+00:00","article_modified_time":"2024-05-19T14:26:48+00:00","author":"MINDD","twitter_card":"summary_large_image","twitter_misc":{"Verfasst von":"MINDD","Gesch\u00e4tzte Lesezeit":"2\u00a0Minuten"},"schema":{"@context":"https:\/\/schema.org","@graph":[{"@type":"WebPage","@id":"https:\/\/huisartsenpostendelimes.nl\/de\/nieuws\/stellenangebot-programmkoordinator-lumc\/","url":"https:\/\/huisartsenpostendelimes.nl\/de\/nieuws\/stellenangebot-programmkoordinator-lumc\/","name":"Koordinator des Stellenprogramms LUMC - Huisartsenposten De Limes - Deutsch","isPartOf":{"@id":"https:\/\/huisartsenpostendelimes.nl\/de\/#website"},"datePublished":"2021-07-20T11:33:03+00:00","dateModified":"2024-05-19T14:26:48+00:00","author":{"@id":"https:\/\/huisartsenpostendelimes.nl\/de\/#\/schema\/person\/a9e28e081516b814b3224fb1c8f07206"},"breadcrumb":{"@id":"https:\/\/huisartsenpostendelimes.nl\/de\/nieuws\/stellenangebot-programmkoordinator-lumc\/#breadcrumb"},"inLanguage":"de","potentialAction":[{"@type":"ReadAction","target":["https:\/\/huisartsenpostendelimes.nl\/de\/nieuws\/stellenangebot-programmkoordinator-lumc\/"]}]},{"@type":"BreadcrumbList","@id":"https:\/\/huisartsenpostendelimes.nl\/de\/nieuws\/stellenangebot-programmkoordinator-lumc\/#breadcrumb","itemListElement":[{"@type":"ListItem","position":1,"name":"Home","item":"https:\/\/huisartsenpostendelimes.nl\/de\/"},{"@type":"ListItem","position":2,"name":"Koordinator des Stellenprogramms LUMC"}]},{"@type":"WebSite","@id":"https:\/\/huisartsenpostendelimes.nl\/de\/#website","url":"https:\/\/huisartsenpostendelimes.nl\/de\/","name":"Huisartsenposten De Limes - Deutsch","description":"","potentialAction":[{"@type":"SearchAction","target":{"@type":"EntryPoint","urlTemplate":"https:\/\/huisartsenpostendelimes.nl\/de\/?s={search_term_string}"},"query-input":{"@type":"PropertyValueSpecification","valueRequired":true,"valueName":"search_term_string"}}],"inLanguage":"de"},{"@type":"Person","@id":"https:\/\/huisartsenpostendelimes.nl\/de\/#\/schema\/person\/a9e28e081516b814b3224fb1c8f07206","name":"MINDD","image":{"@type":"ImageObject","inLanguage":"de","@id":"https:\/\/huisartsenpostendelimes.nl\/de\/#\/schema\/person\/image\/","url":"https:\/\/huisartsenpostendelimes.nl\/de\/wp-content\/litespeed\/avatar\/136\/cb20a4a779c84cdbe340e6ad267e9e9a.jpg?ver=1777405932","contentUrl":"https:\/\/huisartsenpostendelimes.nl\/de\/wp-content\/litespeed\/avatar\/136\/cb20a4a779c84cdbe340e6ad267e9e9a.jpg?ver=1777405932","caption":"MINDD"},"url":"https:\/\/huisartsenpostendelimes.nl\/de\/nieuws\/author\/mindd-beheer\/"}]}},"_links":{"self":[{"href":"https:\/\/huisartsenpostendelimes.nl\/de\/wp-json\/wp\/v2\/posts\/6364","targetHints":{"allow":["GET"]}}],"collection":[{"href":"https:\/\/huisartsenpostendelimes.nl\/de\/wp-json\/wp\/v2\/posts"}],"about":[{"href":"https:\/\/huisartsenpostendelimes.nl\/de\/wp-json\/wp\/v2\/types\/post"}],"author":[{"embeddable":true,"href":"https:\/\/huisartsenpostendelimes.nl\/de\/wp-json\/wp\/v2\/users\/3"}],"replies":[{"embeddable":true,"href":"https:\/\/huisartsenpostendelimes.nl\/de\/wp-json\/wp\/v2\/comments?post=6364"}],"version-history":[{"count":1,"href":"https:\/\/huisartsenpostendelimes.nl\/de\/wp-json\/wp\/v2\/posts\/6364\/revisions"}],"predecessor-version":[{"id":56364,"href":"https:\/\/huisartsenpostendelimes.nl\/de\/wp-json\/wp\/v2\/posts\/6364\/revisions\/56364"}],"wp:attachment":[{"href":"https:\/\/huisartsenpostendelimes.nl\/de\/wp-json\/wp\/v2\/media?parent=6364"}],"wp:term":[{"taxonomy":"category","embeddable":true,"href":"https:\/\/huisartsenpostendelimes.nl\/de\/wp-json\/wp\/v2\/categories?post=6364"}],"curies":[{"name":"wp","href":"https:\/\/api.w.org\/{rel}","templated":true}]}}