{"id":6601,"date":"2021-12-02T16:35:06","date_gmt":"2021-12-02T15:35:06","guid":{"rendered":"https:\/\/temporary.mindd.dev\/?p=6601"},"modified":"2024-05-19T16:27:33","modified_gmt":"2024-05-19T14:27:33","slug":"vorbereitungen-phase-3","status":"publish","type":"post","link":"https:\/\/huisartsenpostendelimes.nl\/de\/nieuws\/vorbereitungen-phase-3\/","title":{"rendered":"Vorbereitungen f\u00fcr Phase 3"},"content":{"rendered":"\n<p>Gemeinsam mit den Kettenpartnern hat LIMES bv die Vereinbarungen \u00fcber die gemeinsame Versorgung in Phase 3 wieder aufgenommen. Ende November wurden alle Protokolle gemeinsam ge\u00fcbt. Es gibt ein w\u00f6chentliches Verwaltungstreffen zwischen LUMC, Alrijne, De LIMES, VVT, Basalt und dem RAV. Zum Gl\u00fcck finden wir uns wieder gut.<\/p>\n\n\n\n<p>Ein entscheidendes Element in Phase 3 ist die Koordination der Versorgung, bei der gemeinsam gepr\u00fcft wird, welcher Patient wohin gehen kann. Gestern schickte Ulf Arndt eine separate E-Mail dazu.<\/p>\n\n\n\n<p>Bei den Haus\u00e4rzten machen wir periodisch eine Bestandsaufnahme, ob die Praxis noch ge\u00f6ffnet bleiben kann. Z\u00f6gern Sie nicht, Alarm zu schlagen, wenn Hilfe ben\u00f6tigt wird. Niemand hat viele Helfer, aber wir k\u00f6nnen gemeinsam L\u00f6sungen finden<\/p>\n","protected":false},"excerpt":{"rendered":"<p>Gemeinsam mit den Kettenpartnern hat LIMES bv die Vereinbarungen \u00fcber die gemeinsame Versorgung in Phase 3 wieder aufgenommen. Ende November wurden alle Protokolle gemeinsam ge\u00fcbt. Es gibt ein w\u00f6chentliches Verwaltungstreffen zwischen LUMC, Alrijne, De LIMES, VVT, Basalt und dem RAV. Zum Gl\u00fcck finden wir uns wieder gut. Ein entscheidendes Element in Phase 3 ist die Koordination der Versorgung, bei der gemeinsam gepr\u00fcft wird, welcher Patient wohin gehen kann. Gestern schickte Ulf Arndt eine separate E-Mail dazu. Bei den Haus\u00e4rzten machen wir periodisch eine Bestandsaufnahme, ob die Praxis noch ge\u00f6ffnet bleiben kann. Z\u00f6gern Sie nicht, Alarm zu schlagen, wenn [&#8230;]<\/p>\n","protected":false},"author":3,"featured_media":0,"comment_status":"open","ping_status":"open","sticky":false,"template":"","format":"standard","meta":{"_acf_changed":false,"_trash_the_other_posts":false,"editor_notices":[],"footnotes":""},"categories":[47],"class_list":["post-6601","post","type-post","status-publish","format-standard","hentry","category-intern-nieuws"],"acf":[],"yoast_head":"<!-- This site is optimized with the Yoast SEO plugin v26.6 - https:\/\/yoast.com\/wordpress\/plugins\/seo\/ -->\n<title>Vorbereitungen f\u00fcr Phase 3 - Huisartsenposten De Limes - Deutsch<\/title>\n<meta name=\"robots\" content=\"index, follow, max-snippet:-1, max-image-preview:large, max-video-preview:-1\" \/>\n<link rel=\"canonical\" href=\"https:\/\/huisartsenpostendelimes.nl\/de\/nieuws\/vorbereitungen-phase-3\/\" \/>\n<meta property=\"og:locale\" content=\"de_DE\" \/>\n<meta property=\"og:type\" content=\"article\" \/>\n<meta property=\"og:title\" content=\"Vorbereitungen f\u00fcr Phase 3 - Huisartsenposten De Limes - Deutsch\" \/>\n<meta property=\"og:description\" content=\"Gemeinsam mit den Kettenpartnern hat LIMES bv die Vereinbarungen \u00fcber die gemeinsame Versorgung in Phase 3 wieder aufgenommen. Ende November wurden alle Protokolle gemeinsam ge\u00fcbt. Es gibt ein w\u00f6chentliches Verwaltungstreffen zwischen LUMC, Alrijne, De LIMES, VVT, Basalt und dem RAV. Zum Gl\u00fcck finden wir uns wieder gut. Ein entscheidendes Element in Phase 3 ist die Koordination der Versorgung, bei der gemeinsam gepr\u00fcft wird, welcher Patient wohin gehen kann. Gestern schickte Ulf Arndt eine separate E-Mail dazu. Bei den Haus\u00e4rzten machen wir periodisch eine Bestandsaufnahme, ob die Praxis noch ge\u00f6ffnet bleiben kann. Z\u00f6gern Sie nicht, Alarm zu schlagen, wenn [...]\" \/>\n<meta property=\"og:url\" content=\"https:\/\/huisartsenpostendelimes.nl\/de\/nieuws\/vorbereitungen-phase-3\/\" \/>\n<meta property=\"og:site_name\" content=\"Huisartsenposten De Limes - Deutsch\" \/>\n<meta property=\"article:published_time\" content=\"2021-12-02T15:35:06+00:00\" \/>\n<meta property=\"article:modified_time\" content=\"2024-05-19T14:27:33+00:00\" \/>\n<meta name=\"author\" content=\"MINDD\" \/>\n<meta name=\"twitter:card\" content=\"summary_large_image\" \/>\n<meta name=\"twitter:label1\" content=\"Verfasst von\" \/>\n\t<meta name=\"twitter:data1\" content=\"MINDD\" \/>\n\t<meta name=\"twitter:label2\" content=\"Gesch\u00e4tzte Lesezeit\" \/>\n\t<meta name=\"twitter:data2\" content=\"1\u00a0Minute\" \/>\n<script type=\"application\/ld+json\" class=\"yoast-schema-graph\">{\"@context\":\"https:\/\/schema.org\",\"@graph\":[{\"@type\":\"WebPage\",\"@id\":\"https:\/\/huisartsenpostendelimes.nl\/de\/nieuws\/vorbereitungen-phase-3\/\",\"url\":\"https:\/\/huisartsenpostendelimes.nl\/de\/nieuws\/vorbereitungen-phase-3\/\",\"name\":\"Vorbereitungen f\u00fcr Phase 3 - Huisartsenposten De Limes - Deutsch\",\"isPartOf\":{\"@id\":\"https:\/\/huisartsenpostendelimes.nl\/de\/#website\"},\"datePublished\":\"2021-12-02T15:35:06+00:00\",\"dateModified\":\"2024-05-19T14:27:33+00:00\",\"author\":{\"@id\":\"https:\/\/huisartsenpostendelimes.nl\/de\/#\/schema\/person\/a9e28e081516b814b3224fb1c8f07206\"},\"breadcrumb\":{\"@id\":\"https:\/\/huisartsenpostendelimes.nl\/de\/nieuws\/vorbereitungen-phase-3\/#breadcrumb\"},\"inLanguage\":\"de\",\"potentialAction\":[{\"@type\":\"ReadAction\",\"target\":[\"https:\/\/huisartsenpostendelimes.nl\/de\/nieuws\/vorbereitungen-phase-3\/\"]}]},{\"@type\":\"BreadcrumbList\",\"@id\":\"https:\/\/huisartsenpostendelimes.nl\/de\/nieuws\/vorbereitungen-phase-3\/#breadcrumb\",\"itemListElement\":[{\"@type\":\"ListItem\",\"position\":1,\"name\":\"Home\",\"item\":\"https:\/\/huisartsenpostendelimes.nl\/de\/\"},{\"@type\":\"ListItem\",\"position\":2,\"name\":\"Vorbereitungen f\u00fcr Phase 3\"}]},{\"@type\":\"WebSite\",\"@id\":\"https:\/\/huisartsenpostendelimes.nl\/de\/#website\",\"url\":\"https:\/\/huisartsenpostendelimes.nl\/de\/\",\"name\":\"Huisartsenposten De Limes - Deutsch\",\"description\":\"\",\"potentialAction\":[{\"@type\":\"SearchAction\",\"target\":{\"@type\":\"EntryPoint\",\"urlTemplate\":\"https:\/\/huisartsenpostendelimes.nl\/de\/?s={search_term_string}\"},\"query-input\":{\"@type\":\"PropertyValueSpecification\",\"valueRequired\":true,\"valueName\":\"search_term_string\"}}],\"inLanguage\":\"de\"},{\"@type\":\"Person\",\"@id\":\"https:\/\/huisartsenpostendelimes.nl\/de\/#\/schema\/person\/a9e28e081516b814b3224fb1c8f07206\",\"name\":\"MINDD\",\"image\":{\"@type\":\"ImageObject\",\"inLanguage\":\"de\",\"@id\":\"https:\/\/huisartsenpostendelimes.nl\/de\/#\/schema\/person\/image\/\",\"url\":\"https:\/\/huisartsenpostendelimes.nl\/de\/wp-content\/litespeed\/avatar\/136\/cb20a4a779c84cdbe340e6ad267e9e9a.jpg?ver=1777405932\",\"contentUrl\":\"https:\/\/huisartsenpostendelimes.nl\/de\/wp-content\/litespeed\/avatar\/136\/cb20a4a779c84cdbe340e6ad267e9e9a.jpg?ver=1777405932\",\"caption\":\"MINDD\"},\"url\":\"https:\/\/huisartsenpostendelimes.nl\/de\/nieuws\/author\/mindd-beheer\/\"}]}<\/script>\n<!-- \/ Yoast SEO plugin. -->","yoast_head_json":{"title":"Vorbereitungen f\u00fcr Phase 3 - Huisartsenposten De Limes - Deutsch","robots":{"index":"index","follow":"follow","max-snippet":"max-snippet:-1","max-image-preview":"max-image-preview:large","max-video-preview":"max-video-preview:-1"},"canonical":"https:\/\/huisartsenpostendelimes.nl\/de\/nieuws\/vorbereitungen-phase-3\/","og_locale":"de_DE","og_type":"article","og_title":"Vorbereitungen f\u00fcr Phase 3 - Huisartsenposten De Limes - Deutsch","og_description":"Gemeinsam mit den Kettenpartnern hat LIMES bv die Vereinbarungen \u00fcber die gemeinsame Versorgung in Phase 3 wieder aufgenommen. Ende November wurden alle Protokolle gemeinsam ge\u00fcbt. Es gibt ein w\u00f6chentliches Verwaltungstreffen zwischen LUMC, Alrijne, De LIMES, VVT, Basalt und dem RAV. Zum Gl\u00fcck finden wir uns wieder gut. Ein entscheidendes Element in Phase 3 ist die Koordination der Versorgung, bei der gemeinsam gepr\u00fcft wird, welcher Patient wohin gehen kann. Gestern schickte Ulf Arndt eine separate E-Mail dazu. Bei den Haus\u00e4rzten machen wir periodisch eine Bestandsaufnahme, ob die Praxis noch ge\u00f6ffnet bleiben kann. Z\u00f6gern Sie nicht, Alarm zu schlagen, wenn [...]","og_url":"https:\/\/huisartsenpostendelimes.nl\/de\/nieuws\/vorbereitungen-phase-3\/","og_site_name":"Huisartsenposten De Limes - Deutsch","article_published_time":"2021-12-02T15:35:06+00:00","article_modified_time":"2024-05-19T14:27:33+00:00","author":"MINDD","twitter_card":"summary_large_image","twitter_misc":{"Verfasst von":"MINDD","Gesch\u00e4tzte Lesezeit":"1\u00a0Minute"},"schema":{"@context":"https:\/\/schema.org","@graph":[{"@type":"WebPage","@id":"https:\/\/huisartsenpostendelimes.nl\/de\/nieuws\/vorbereitungen-phase-3\/","url":"https:\/\/huisartsenpostendelimes.nl\/de\/nieuws\/vorbereitungen-phase-3\/","name":"Vorbereitungen f\u00fcr Phase 3 - Huisartsenposten De Limes - Deutsch","isPartOf":{"@id":"https:\/\/huisartsenpostendelimes.nl\/de\/#website"},"datePublished":"2021-12-02T15:35:06+00:00","dateModified":"2024-05-19T14:27:33+00:00","author":{"@id":"https:\/\/huisartsenpostendelimes.nl\/de\/#\/schema\/person\/a9e28e081516b814b3224fb1c8f07206"},"breadcrumb":{"@id":"https:\/\/huisartsenpostendelimes.nl\/de\/nieuws\/vorbereitungen-phase-3\/#breadcrumb"},"inLanguage":"de","potentialAction":[{"@type":"ReadAction","target":["https:\/\/huisartsenpostendelimes.nl\/de\/nieuws\/vorbereitungen-phase-3\/"]}]},{"@type":"BreadcrumbList","@id":"https:\/\/huisartsenpostendelimes.nl\/de\/nieuws\/vorbereitungen-phase-3\/#breadcrumb","itemListElement":[{"@type":"ListItem","position":1,"name":"Home","item":"https:\/\/huisartsenpostendelimes.nl\/de\/"},{"@type":"ListItem","position":2,"name":"Vorbereitungen f\u00fcr Phase 3"}]},{"@type":"WebSite","@id":"https:\/\/huisartsenpostendelimes.nl\/de\/#website","url":"https:\/\/huisartsenpostendelimes.nl\/de\/","name":"Huisartsenposten De Limes - Deutsch","description":"","potentialAction":[{"@type":"SearchAction","target":{"@type":"EntryPoint","urlTemplate":"https:\/\/huisartsenpostendelimes.nl\/de\/?s={search_term_string}"},"query-input":{"@type":"PropertyValueSpecification","valueRequired":true,"valueName":"search_term_string"}}],"inLanguage":"de"},{"@type":"Person","@id":"https:\/\/huisartsenpostendelimes.nl\/de\/#\/schema\/person\/a9e28e081516b814b3224fb1c8f07206","name":"MINDD","image":{"@type":"ImageObject","inLanguage":"de","@id":"https:\/\/huisartsenpostendelimes.nl\/de\/#\/schema\/person\/image\/","url":"https:\/\/huisartsenpostendelimes.nl\/de\/wp-content\/litespeed\/avatar\/136\/cb20a4a779c84cdbe340e6ad267e9e9a.jpg?ver=1777405932","contentUrl":"https:\/\/huisartsenpostendelimes.nl\/de\/wp-content\/litespeed\/avatar\/136\/cb20a4a779c84cdbe340e6ad267e9e9a.jpg?ver=1777405932","caption":"MINDD"},"url":"https:\/\/huisartsenpostendelimes.nl\/de\/nieuws\/author\/mindd-beheer\/"}]}},"_links":{"self":[{"href":"https:\/\/huisartsenpostendelimes.nl\/de\/wp-json\/wp\/v2\/posts\/6601","targetHints":{"allow":["GET"]}}],"collection":[{"href":"https:\/\/huisartsenpostendelimes.nl\/de\/wp-json\/wp\/v2\/posts"}],"about":[{"href":"https:\/\/huisartsenpostendelimes.nl\/de\/wp-json\/wp\/v2\/types\/post"}],"author":[{"embeddable":true,"href":"https:\/\/huisartsenpostendelimes.nl\/de\/wp-json\/wp\/v2\/users\/3"}],"replies":[{"embeddable":true,"href":"https:\/\/huisartsenpostendelimes.nl\/de\/wp-json\/wp\/v2\/comments?post=6601"}],"version-history":[{"count":1,"href":"https:\/\/huisartsenpostendelimes.nl\/de\/wp-json\/wp\/v2\/posts\/6601\/revisions"}],"predecessor-version":[{"id":56383,"href":"https:\/\/huisartsenpostendelimes.nl\/de\/wp-json\/wp\/v2\/posts\/6601\/revisions\/56383"}],"wp:attachment":[{"href":"https:\/\/huisartsenpostendelimes.nl\/de\/wp-json\/wp\/v2\/media?parent=6601"}],"wp:term":[{"taxonomy":"category","embeddable":true,"href":"https:\/\/huisartsenpostendelimes.nl\/de\/wp-json\/wp\/v2\/categories?post=6601"}],"curies":[{"name":"wp","href":"https:\/\/api.w.org\/{rel}","templated":true}]}}