{"id":16471,"date":"2022-12-22T12:07:51","date_gmt":"2022-12-22T11:07:51","guid":{"rendered":"https:\/\/temporary.mindd.dev\/?p=16471"},"modified":"2024-05-22T09:32:06","modified_gmt":"2024-05-22T07:32:06","slug":"okragle-stoly-w-celu-rozwiazania-waskich-gardel","status":"publish","type":"post","link":"https:\/\/huisartsenpostendelimes.nl\/pl\/nieuws\/okragle-stoly-w-celu-rozwiazania-waskich-gardel\/","title":{"rendered":"<strong>Okr\u0105g\u0142e sto\u0142y w celu rozwi\u0105zania problemu w\u0105skich garde\u0142<\/strong>"},"content":{"rendered":"\n<p><em>wiadomo\u015b\u0107 od Milji Matthijsen \u2013 cz\u0142onkini zarz\u0105du sp\u00f3\u0142dzielni<\/em><\/p>\n\n\n\n<p>W imieniu lekarzy rodzinnych w naszym regionie, Grupa Zadaniowa Lekarzy Rodzinnych Alrijne (HARR) zorganizuje w nadchodz\u0105cym okresie dyskusje przy okr\u0105g\u0142ym stole w celu zbadania rozwi\u0105za\u0144 dla najcz\u0119stszych w\u0105skich garde\u0142 we wsp\u00f3\u0142pracy.<\/p>\n\n\n\n<p><strong>Sygna\u0142y negatywne<\/strong><br>W ostatnich miesi\u0105cach pojawi\u0142y si\u0119 negatywne sygna\u0142y ze strony HARR, poszczeg\u00f3lnych lekarzy rodzinnych, hagro i szpitala Alrijne na temat wsp\u00f3\u0142pracy mi\u0119dzy lekarzami rodzinnymi a szpitalem. Sygna\u0142y te s\u0105 cz\u0119\u015bciowo zwi\u0105zane z rosn\u0105cymi niedoborami na rynku pracy, pandemi\u0105 koronawirusa, rosn\u0105cym zapotrzebowaniem na opiek\u0119 i zwi\u0105zanym z tym wzrostem list oczekuj\u0105cych. Oczywi\u015bcie wiele rzeczy idzie bardzo dobrze we wsp\u00f3\u0142pracy, ale nadal wa\u017cne jest, aby wzi\u0105\u0107 pod uwag\u0119 te sygna\u0142y. Zas\u0142uguj\u0105 one na nasz\u0105 szczer\u0105 uwag\u0119, bior\u0105c pod uwag\u0119 znaczenie dobrych relacji mi\u0119dzy lekarzami rodzinnymi a szpitalem oraz satysfakcji z pracy wszystkich w d\u0142u\u017cszej perspektywie, je\u015bli istnieje trwa\u0142a dobra wsp\u00f3\u0142praca. <\/p>\n\n\n\n<p><strong>Wsp\u00f3lne rozwi\u0105zania<\/strong><br>W porozumieniu ze wszystkimi podmiotami zaanga\u017cowanymi w HARR zorganizujemy w najbli\u017cszym czasie dyskusje przy okr\u0105g\u0142ym stole z lekarzami rodzinnymi i specjalistami medycznymi (z Alrijne i LUMC) w celu wypracowania wsp\u00f3lnych rozwi\u0105za\u0144 w zakresie:<\/p>\n\n\n\n<p>1) optymalizacja przep\u0142ywu polece\u0144; w tym zmniejszenie obci\u0105\u017ce\u0144 administracyjnych zwi\u0105zanych z konieczno\u015bci\u0105 zwr\u00f3cenia si\u0119 do lekarza rodzinnego, je\u017celi do rozpatrzenia skargi potrzebna jest inna specjalizacja medyczna. Wiele przepis\u00f3w z ustawy o ubezpieczeniach zdrowotnych i polityki ubezpieczycieli jest &#8222;na naszej drodze&#8221;, ale je\u015bli b\u0119dziemy wsp\u00f3\u0142pracowa\u0107, powinno by\u0107 mo\u017cliwe rozwi\u0105zanie tego problemu.&nbsp;<\/p>\n\n\n\n<p>2) koordynacja obowi\u0105zk\u00f3w opieku\u0144czych; w tym wsp\u00f3lne umowy dotycz\u0105ce wsp\u00f3lnych \u015bcie\u017cek opieki. S\u0105 to umowy dotycz\u0105ce tego, gdzie jedna osoba przerywa leczenie, a druga je podejmuje oraz jaka jest polityka w zakresie podzia\u0142u zada\u0144, o ile kto\u015b jest na li\u015bcie oczekuj\u0105cych.<\/p>\n\n\n\n<p><strong>Kim jest Lekarz Rodzinny Alrijne Regie Raad (HARR)?<\/strong><br>HARR to inicjatywa, kt\u00f3ra rozpocz\u0119\u0142a si\u0119 i zosta\u0142a zainicjowana w po\u0142owie listopada 2021 r. w szpitalu Alrijne. Fundacja powsta\u0142a z za\u0142o\u017cenia, \u017ce lekarze rodzinni nie s\u0105 wystarczaj\u0105co reprezentowani w istniej\u0105cych strukturach konsultacyjnych.<\/p>\n\n\n\n<p>Nast\u0119puj\u0105ce strony s\u0105 reprezentowane w HARR na szczeblu administracyjnym: Alrijne Hospital, Stichting Rijncoepel, Alphen op 1 lijn, Zorggroep ROHWN, Zorggroep Katwijk, HAP De LIMES, Knooppunt Ketenzorg i LHV.<\/p>\n\n\n\n<p><strong>Cel HARR<\/strong><br>Uwa\u017camy, \u017ce wa\u017cna jest koordynacja administracyjna bie\u017c\u0105cych temat\u00f3w i zwi\u0105zanych z nimi potrzeb w regionie (wewn\u0105trz i na zewn\u0105trz szpitala). Aby\u015bmy byli \u015bwiadomi istniej\u0105cych i nowych inicjatyw, istnieje wzajemne zaanga\u017cowanie i jednoznaczna komunikacja, co prowadzi do optymalnej wsp\u00f3\u0142pracy mi\u0119dzy Alrijne a lekarzami rodzinnymi. W ten spos\u00f3b realizujemy nasz\u0105 wsp\u00f3ln\u0105 ambicj\u0119, aby zapewni\u0107 naszym pacjentom najlepsz\u0105 opiek\u0119 w regionie.<\/p>\n\n\n\n<p>HARR musi odpowiada\u0107 na d\u0105\u017cenie do usprawnienia komunikacji i wsp\u00f3\u0142pracy mi\u0119dzy podstawow\u0105 i specjalistyczn\u0105 opiek\u0105 zdrowotn\u0105, tak aby doprowadzi\u0142o to do zmniejszenia liczby zada\u0144 i wi\u0119kszej wzajemnej satysfakcji z pracy dla obu stron.<\/p>\n\n\n\n<p><strong>Tematy w HARR<\/strong><br>W HARR omawiane s\u0105 r\u00f3\u017cne tematy w ramach takich temat\u00f3w, jak technologie informacyjno-komunikacyjne, strategia i rozw\u00f3j organizacyjny, promocja wiedzy specjalistycznej i innowacje w opiece zdrowotnej.<\/p>\n\n\n\n<p>W minionym okresie przeprowadzono badania m.in. nad punktami, w kt\u00f3rych lekarze rodzinni do\u015bwiadczaj\u0105 najwi\u0119kszych niedogodno\u015bci zwi\u0105zanych z wyd\u0142u\u017caj\u0105cymi si\u0119 listami oczekuj\u0105cych (co prowadzi do wi\u0119kszej liczby pyta\u0144 do lekarza rodzinnego), nieskoordynowanym przekazywaniem zada\u0144 opieku\u0144czych (np. powtarzanie bada\u0144 laboratoryjnych) oraz frustracjami zwi\u0105zanymi z przep\u0142ywem skierowa\u0144 (np. niepotrzebne skierowania z zaleceniami).<\/p>\n\n\n\n<p><strong>\u0106wiczy\u0107<\/strong><br>Na listopadowym spotkaniu HARR om\u00f3wili\u015bmy wy\u017cej wymienione tematy. W rezultacie widzimy, \u017ce wiele praktycznych przyk\u0142ad\u00f3w z podstawowej opieki zdrowotnej mo\u017cna poprawi\u0107 w przyst\u0119pny spos\u00f3b, poprzez jasn\u0105 komunikacj\u0119 i prawid\u0142owe przestrzeganie istniej\u0105cej polityki.<\/p>\n\n\n\n<p>Obejmuje to przestrzeganie polityki skierowa\u0144, zgodnie z kt\u00f3r\u0105 na przyk\u0142ad nie jest wymagane nowe skierowanie dla znanego pacjenta, je\u015bli wniosek o opiek\u0119 nad pacjentem nie osi\u0105gn\u0105\u0142 jeszcze statusu &#8222;zako\u0144czonego leczenia&#8221;, a pacjent zosta\u0142 odes\u0142any do lekarza rodzinnego za pomoc\u0105 (elektronicznego) listu od lekarza rodzinnego.<\/p>\n\n\n\n<p>Innym przyk\u0142adem jest to, \u017ce pacjenci nie musz\u0105 ponownie zwraca\u0107 si\u0119 do lekarza rodzinnego, je\u015bli chc\u0105 przyspieszy\u0107 wizyt\u0119, poniewa\u017c lekarz rodzinny okre\u015bli\u0142 ju\u017c pilno\u015b\u0107 skierowania za po\u015brednictwem ZorgDomein.<\/p>\n\n\n\n<p>Chcemy jednak, aby wsp\u00f3\u0142praca poprawi\u0142a si\u0119 w spos\u00f3b konstruktywny i d\u0142ugoterminowy, dlatego te\u017c lubimy szuka\u0107 bardziej szczeg\u00f3\u0142owych informacji na wiele temat\u00f3w w ramach&nbsp; &#8222;kontradyktoryjnego przes\u0142uchania&#8221;.<\/p>\n\n\n\n<p>Masz pytania i\/lub uwagi? Mo\u017cesz skontaktowa\u0107 si\u0119 z Ineke Kolijn, starszym doradc\u0105 ds. zarz\u0105dzania relacjami ze szpitalem Alrijne pod <a href=\"mailto:ikolijn@alrijne.nl\">ikolijn@alrijne.nl<\/a> lub 06-21 65 15 83<\/p>\n","protected":false},"excerpt":{"rendered":"<p>wiadomo\u015b\u0107 od Milji Matthijsen \u2013 cz\u0142onkini zarz\u0105du sp\u00f3\u0142dzielni W imieniu lekarzy rodzinnych w naszym regionie, grupa zadaniowa lekarzy rodzinnych Alrijne (HARR) zorganizuje w nadchodz\u0105cym okresie dyskusje przy okr\u0105g\u0142ym stole w celu zbadania rozwi\u0105za\u0144 najcz\u0119stszych w\u0105skich garde\u0142 we wsp\u00f3\u0142pracy. Negatywne sygna\u0142yW ostatnich miesi\u0105cach pojawi\u0142y si\u0119 negatywne sygna\u0142y ze strony HARR, indywidualnych lekarzy rodzinnych, hagro i szpitala Alrijne na temat wsp\u00f3\u0142pracy mi\u0119dzy lekarzami rodzinnymi a szpitalem. Sygna\u0142y te s\u0105 cz\u0119\u015bciowo zwi\u0105zane z rosn\u0105cymi niedoborami na rynku pracy, pandemi\u0105 koronawirusa, rosn\u0105cym zapotrzebowaniem na opiek\u0119 i zwi\u0105zanym z tym wzrostem list oczekuj\u0105cych. Oczywi\u015bcie jest te\u017c wiele rzeczy, kt\u00f3re bardzo dobrze si\u0119 uk\u0142adaj\u0105 w [&#8230;]<\/p>\n","protected":false},"author":3,"featured_media":0,"comment_status":"open","ping_status":"open","sticky":false,"template":"","format":"standard","meta":{"_acf_changed":false,"_trash_the_other_posts":false,"editor_notices":[],"footnotes":""},"categories":[47],"class_list":["post-16471","post","type-post","status-publish","format-standard","hentry","category-intern-nieuws"],"acf":[],"yoast_head":"<!-- This site is optimized with the Yoast SEO plugin v26.6 - https:\/\/yoast.com\/wordpress\/plugins\/seo\/ -->\n<title>Okr\u0105g\u0142e sto\u0142y w celu rozwi\u0105zania problemu w\u0105skich garde\u0142 - Huisartsenposten De Limes - Polski<\/title>\n<meta name=\"robots\" content=\"noindex, follow, max-snippet:-1, max-image-preview:large, max-video-preview:-1\" \/>\n<meta property=\"og:locale\" content=\"pl_PL\" \/>\n<meta property=\"og:type\" content=\"article\" \/>\n<meta property=\"og:title\" content=\"Okr\u0105g\u0142e sto\u0142y w celu rozwi\u0105zania problemu w\u0105skich garde\u0142 - Huisartsenposten De Limes - Polski\" \/>\n<meta property=\"og:description\" content=\"wiadomo\u015b\u0107 od Milji Matthijsen \u2013 cz\u0142onkini zarz\u0105du sp\u00f3\u0142dzielni W imieniu lekarzy rodzinnych w naszym regionie, grupa zadaniowa lekarzy rodzinnych Alrijne (HARR) zorganizuje w nadchodz\u0105cym okresie dyskusje przy okr\u0105g\u0142ym stole w celu zbadania rozwi\u0105za\u0144 najcz\u0119stszych w\u0105skich garde\u0142 we wsp\u00f3\u0142pracy. Negatywne sygna\u0142yW ostatnich miesi\u0105cach pojawi\u0142y si\u0119 negatywne sygna\u0142y ze strony HARR, indywidualnych lekarzy rodzinnych, hagro i szpitala Alrijne na temat wsp\u00f3\u0142pracy mi\u0119dzy lekarzami rodzinnymi a szpitalem. Sygna\u0142y te s\u0105 cz\u0119\u015bciowo zwi\u0105zane z rosn\u0105cymi niedoborami na rynku pracy, pandemi\u0105 koronawirusa, rosn\u0105cym zapotrzebowaniem na opiek\u0119 i zwi\u0105zanym z tym wzrostem list oczekuj\u0105cych. Oczywi\u015bcie jest te\u017c wiele rzeczy, kt\u00f3re bardzo dobrze si\u0119 uk\u0142adaj\u0105 w [...]\" \/>\n<meta property=\"og:url\" content=\"https:\/\/huisartsenpostendelimes.nl\/pl\/nieuws\/okragle-stoly-w-celu-rozwiazania-waskich-gardel\/\" \/>\n<meta property=\"og:site_name\" content=\"Huisartsenposten De Limes - Polski\" \/>\n<meta property=\"article:published_time\" content=\"2022-12-22T11:07:51+00:00\" \/>\n<meta property=\"article:modified_time\" content=\"2024-05-22T07:32:06+00:00\" \/>\n<meta name=\"author\" content=\"MINDD\" \/>\n<meta name=\"twitter:card\" content=\"summary_large_image\" \/>\n<meta name=\"twitter:label1\" content=\"Napisane przez\" \/>\n\t<meta name=\"twitter:data1\" content=\"MINDD\" \/>\n\t<meta name=\"twitter:label2\" content=\"Szacowany czas czytania\" \/>\n\t<meta name=\"twitter:data2\" content=\"4 minuty\" \/>\n<script type=\"application\/ld+json\" class=\"yoast-schema-graph\">{\"@context\":\"https:\/\/schema.org\",\"@graph\":[{\"@type\":\"WebPage\",\"@id\":\"https:\/\/huisartsenpostendelimes.nl\/pl\/nieuws\/okragle-stoly-w-celu-rozwiazania-waskich-gardel\/\",\"url\":\"https:\/\/huisartsenpostendelimes.nl\/pl\/nieuws\/okragle-stoly-w-celu-rozwiazania-waskich-gardel\/\",\"name\":\"Okr\u0105g\u0142e sto\u0142y w celu rozwi\u0105zania problemu w\u0105skich garde\u0142 - Huisartsenposten De Limes - Polski\",\"isPartOf\":{\"@id\":\"https:\/\/huisartsenpostendelimes.nl\/pl\/#website\"},\"datePublished\":\"2022-12-22T11:07:51+00:00\",\"dateModified\":\"2024-05-22T07:32:06+00:00\",\"author\":{\"@id\":\"https:\/\/huisartsenpostendelimes.nl\/pl\/#\/schema\/person\/a9e28e081516b814b3224fb1c8f07206\"},\"breadcrumb\":{\"@id\":\"https:\/\/huisartsenpostendelimes.nl\/pl\/nieuws\/okragle-stoly-w-celu-rozwiazania-waskich-gardel\/#breadcrumb\"},\"inLanguage\":\"pl-PL\",\"potentialAction\":[{\"@type\":\"ReadAction\",\"target\":[\"https:\/\/huisartsenpostendelimes.nl\/pl\/nieuws\/okragle-stoly-w-celu-rozwiazania-waskich-gardel\/\"]}]},{\"@type\":\"BreadcrumbList\",\"@id\":\"https:\/\/huisartsenpostendelimes.nl\/pl\/nieuws\/okragle-stoly-w-celu-rozwiazania-waskich-gardel\/#breadcrumb\",\"itemListElement\":[{\"@type\":\"ListItem\",\"position\":1,\"name\":\"Home\",\"item\":\"https:\/\/huisartsenpostendelimes.nl\/pl\/\"},{\"@type\":\"ListItem\",\"position\":2,\"name\":\"Okr\u0105g\u0142e sto\u0142y w celu rozwi\u0105zania problemu w\u0105skich garde\u0142\"}]},{\"@type\":\"WebSite\",\"@id\":\"https:\/\/huisartsenpostendelimes.nl\/pl\/#website\",\"url\":\"https:\/\/huisartsenpostendelimes.nl\/pl\/\",\"name\":\"Huisartsenposten De Limes - Polski\",\"description\":\"\",\"potentialAction\":[{\"@type\":\"SearchAction\",\"target\":{\"@type\":\"EntryPoint\",\"urlTemplate\":\"https:\/\/huisartsenpostendelimes.nl\/pl\/?s={search_term_string}\"},\"query-input\":{\"@type\":\"PropertyValueSpecification\",\"valueRequired\":true,\"valueName\":\"search_term_string\"}}],\"inLanguage\":\"pl-PL\"},{\"@type\":\"Person\",\"@id\":\"https:\/\/huisartsenpostendelimes.nl\/pl\/#\/schema\/person\/a9e28e081516b814b3224fb1c8f07206\",\"name\":\"MINDD\",\"image\":{\"@type\":\"ImageObject\",\"inLanguage\":\"pl-PL\",\"@id\":\"https:\/\/huisartsenpostendelimes.nl\/pl\/#\/schema\/person\/image\/\",\"url\":\"https:\/\/huisartsenpostendelimes.nl\/pl\/wp-content\/litespeed\/avatar\/139\/cb20a4a779c84cdbe340e6ad267e9e9a.jpg?ver=1777417994\",\"contentUrl\":\"https:\/\/huisartsenpostendelimes.nl\/pl\/wp-content\/litespeed\/avatar\/139\/cb20a4a779c84cdbe340e6ad267e9e9a.jpg?ver=1777417994\",\"caption\":\"MINDD\"},\"url\":\"https:\/\/huisartsenpostendelimes.nl\/pl\/nieuws\/author\/mindd-beheer\/\"}]}<\/script>\n<!-- \/ Yoast SEO plugin. -->","yoast_head_json":{"title":"Okr\u0105g\u0142e sto\u0142y w celu rozwi\u0105zania problemu w\u0105skich garde\u0142 - Huisartsenposten De Limes - Polski","robots":{"index":"noindex","follow":"follow","max-snippet":"max-snippet:-1","max-image-preview":"max-image-preview:large","max-video-preview":"max-video-preview:-1"},"og_locale":"pl_PL","og_type":"article","og_title":"Okr\u0105g\u0142e sto\u0142y w celu rozwi\u0105zania problemu w\u0105skich garde\u0142 - Huisartsenposten De Limes - Polski","og_description":"wiadomo\u015b\u0107 od Milji Matthijsen \u2013 cz\u0142onkini zarz\u0105du sp\u00f3\u0142dzielni W imieniu lekarzy rodzinnych w naszym regionie, grupa zadaniowa lekarzy rodzinnych Alrijne (HARR) zorganizuje w nadchodz\u0105cym okresie dyskusje przy okr\u0105g\u0142ym stole w celu zbadania rozwi\u0105za\u0144 najcz\u0119stszych w\u0105skich garde\u0142 we wsp\u00f3\u0142pracy. Negatywne sygna\u0142yW ostatnich miesi\u0105cach pojawi\u0142y si\u0119 negatywne sygna\u0142y ze strony HARR, indywidualnych lekarzy rodzinnych, hagro i szpitala Alrijne na temat wsp\u00f3\u0142pracy mi\u0119dzy lekarzami rodzinnymi a szpitalem. Sygna\u0142y te s\u0105 cz\u0119\u015bciowo zwi\u0105zane z rosn\u0105cymi niedoborami na rynku pracy, pandemi\u0105 koronawirusa, rosn\u0105cym zapotrzebowaniem na opiek\u0119 i zwi\u0105zanym z tym wzrostem list oczekuj\u0105cych. Oczywi\u015bcie jest te\u017c wiele rzeczy, kt\u00f3re bardzo dobrze si\u0119 uk\u0142adaj\u0105 w [...]","og_url":"https:\/\/huisartsenpostendelimes.nl\/pl\/nieuws\/okragle-stoly-w-celu-rozwiazania-waskich-gardel\/","og_site_name":"Huisartsenposten De Limes - Polski","article_published_time":"2022-12-22T11:07:51+00:00","article_modified_time":"2024-05-22T07:32:06+00:00","author":"MINDD","twitter_card":"summary_large_image","twitter_misc":{"Napisane przez":"MINDD","Szacowany czas czytania":"4 minuty"},"schema":{"@context":"https:\/\/schema.org","@graph":[{"@type":"WebPage","@id":"https:\/\/huisartsenpostendelimes.nl\/pl\/nieuws\/okragle-stoly-w-celu-rozwiazania-waskich-gardel\/","url":"https:\/\/huisartsenpostendelimes.nl\/pl\/nieuws\/okragle-stoly-w-celu-rozwiazania-waskich-gardel\/","name":"Okr\u0105g\u0142e sto\u0142y w celu rozwi\u0105zania problemu w\u0105skich garde\u0142 - Huisartsenposten De Limes - Polski","isPartOf":{"@id":"https:\/\/huisartsenpostendelimes.nl\/pl\/#website"},"datePublished":"2022-12-22T11:07:51+00:00","dateModified":"2024-05-22T07:32:06+00:00","author":{"@id":"https:\/\/huisartsenpostendelimes.nl\/pl\/#\/schema\/person\/a9e28e081516b814b3224fb1c8f07206"},"breadcrumb":{"@id":"https:\/\/huisartsenpostendelimes.nl\/pl\/nieuws\/okragle-stoly-w-celu-rozwiazania-waskich-gardel\/#breadcrumb"},"inLanguage":"pl-PL","potentialAction":[{"@type":"ReadAction","target":["https:\/\/huisartsenpostendelimes.nl\/pl\/nieuws\/okragle-stoly-w-celu-rozwiazania-waskich-gardel\/"]}]},{"@type":"BreadcrumbList","@id":"https:\/\/huisartsenpostendelimes.nl\/pl\/nieuws\/okragle-stoly-w-celu-rozwiazania-waskich-gardel\/#breadcrumb","itemListElement":[{"@type":"ListItem","position":1,"name":"Home","item":"https:\/\/huisartsenpostendelimes.nl\/pl\/"},{"@type":"ListItem","position":2,"name":"Okr\u0105g\u0142e sto\u0142y w celu rozwi\u0105zania problemu w\u0105skich garde\u0142"}]},{"@type":"WebSite","@id":"https:\/\/huisartsenpostendelimes.nl\/pl\/#website","url":"https:\/\/huisartsenpostendelimes.nl\/pl\/","name":"Huisartsenposten De Limes - Polski","description":"","potentialAction":[{"@type":"SearchAction","target":{"@type":"EntryPoint","urlTemplate":"https:\/\/huisartsenpostendelimes.nl\/pl\/?s={search_term_string}"},"query-input":{"@type":"PropertyValueSpecification","valueRequired":true,"valueName":"search_term_string"}}],"inLanguage":"pl-PL"},{"@type":"Person","@id":"https:\/\/huisartsenpostendelimes.nl\/pl\/#\/schema\/person\/a9e28e081516b814b3224fb1c8f07206","name":"MINDD","image":{"@type":"ImageObject","inLanguage":"pl-PL","@id":"https:\/\/huisartsenpostendelimes.nl\/pl\/#\/schema\/person\/image\/","url":"https:\/\/huisartsenpostendelimes.nl\/pl\/wp-content\/litespeed\/avatar\/139\/cb20a4a779c84cdbe340e6ad267e9e9a.jpg?ver=1777417994","contentUrl":"https:\/\/huisartsenpostendelimes.nl\/pl\/wp-content\/litespeed\/avatar\/139\/cb20a4a779c84cdbe340e6ad267e9e9a.jpg?ver=1777417994","caption":"MINDD"},"url":"https:\/\/huisartsenpostendelimes.nl\/pl\/nieuws\/author\/mindd-beheer\/"}]}},"_links":{"self":[{"href":"https:\/\/huisartsenpostendelimes.nl\/pl\/wp-json\/wp\/v2\/posts\/16471","targetHints":{"allow":["GET"]}}],"collection":[{"href":"https:\/\/huisartsenpostendelimes.nl\/pl\/wp-json\/wp\/v2\/posts"}],"about":[{"href":"https:\/\/huisartsenpostendelimes.nl\/pl\/wp-json\/wp\/v2\/types\/post"}],"author":[{"embeddable":true,"href":"https:\/\/huisartsenpostendelimes.nl\/pl\/wp-json\/wp\/v2\/users\/3"}],"replies":[{"embeddable":true,"href":"https:\/\/huisartsenpostendelimes.nl\/pl\/wp-json\/wp\/v2\/comments?post=16471"}],"version-history":[{"count":0,"href":"https:\/\/huisartsenpostendelimes.nl\/pl\/wp-json\/wp\/v2\/posts\/16471\/revisions"}],"wp:attachment":[{"href":"https:\/\/huisartsenpostendelimes.nl\/pl\/wp-json\/wp\/v2\/media?parent=16471"}],"wp:term":[{"taxonomy":"category","embeddable":true,"href":"https:\/\/huisartsenpostendelimes.nl\/pl\/wp-json\/wp\/v2\/categories?post=16471"}],"curies":[{"name":"wp","href":"https:\/\/api.w.org\/{rel}","templated":true}]}}