{"id":5194,"date":"2020-09-10T14:57:53","date_gmt":"2020-09-10T12:57:53","guid":{"rendered":"https:\/\/temporary.mindd.dev\/?p=5194"},"modified":"2024-05-22T09:28:14","modified_gmt":"2024-05-22T07:28:14","slug":"przedstawiamy-naszego-nowego-tymczasowego-dyrektora","status":"publish","type":"post","link":"https:\/\/huisartsenpostendelimes.nl\/pl\/nieuws\/przedstawiamy-naszego-nowego-tymczasowego-dyrektora\/","title":{"rendered":"Pozw\u00f3lcie, \u017ce si\u0119 przedstawi\u0119. Nasz nowy tymczasowy dyrektor"},"content":{"rendered":"\n<figure class=\"wp-block-image size-large\"><img decoding=\"async\" src=\"https:\/\/temporary.mindd.dev\/wp-content\/uploads\/2020\/09\/gerben-welling-bewerkt.jpg\" alt=\"\" class=\"wp-image-5193\"\/><\/figure>\n\n\n\n<p>Ze skutkiem od dnia\nGerben Welling stoi na czele DDDB i SHR od ko\u0144ca sierpnia. Ono\nPrzez najbli\u017csze sze\u015b\u0107 miesi\u0119cy b\u0119dzie wspiera\u0142 zar\u00f3wno organizacje, jak i za\u0142og\u0119.\nPrzewodnik po &#8222;Nowej perspektywie&#8221;. Kim jest Gerben Welling?&nbsp;&nbsp;&nbsp;&nbsp;&nbsp;&nbsp;&nbsp;&nbsp;&nbsp;&nbsp;&nbsp;&nbsp;&nbsp;&nbsp;&nbsp;&nbsp;&nbsp;&nbsp;&nbsp;&nbsp;&nbsp;&nbsp;&nbsp;&nbsp;&nbsp;&nbsp;&nbsp;&nbsp;&nbsp;&nbsp;&nbsp;&nbsp;&nbsp;&nbsp;&nbsp;&nbsp;&nbsp;&nbsp;&nbsp;&nbsp;&nbsp; &nbsp;<strong><\/strong><\/p>\n\n\n\n<p>&#8222;R\u00f3wnie\u017c w moim\nPacjenci zmarli&#8221; \u2013 powiedzia\u0142 tymczasowy dyrektor. <\/p>\n\n\n\n<p>Po uruchomieniu\nGerben jest fotografem medycznym odbywaj\u0105cym szkolenie na Klinice Kardiochirurgii w\nAZU w Utrechcie. Inicjatywa, kt\u00f3ra ma sw\u00f3j naturalny odruch &#8211; trosk\u0119 o\nbezbronny &#8211; i wkr\u00f3tce sprawi\u0142, \u017ce przybra\u0142 zupe\u0142nie inny obr\u00f3t. Ono\nKamera zosta\u0142a wymieniona na bia\u0142y garnitur i Welling rozpocz\u0105\u0142 trening\ndla piel\u0119gniarki. &#8222;Poruszy\u0142a mnie pasja opiekun\u00f3w i poczucie\npracy, przez to, co mo\u017cesz zrobi\u0107 dla ludzi. Mam sw\u00f3j\nkursy piel\u0119gniarskie A i intensywnej terapii w Amsterdamie Onze\nLieve Vrouwe Gasthuis&#8221; \u2013 m\u00f3wi 63-letnia dzi\u015b mieszkanka Rotterdamu. <\/p>\n\n\n\n<p>W wieku 36 lat\nGerben przeszed\u0142 na opiek\u0119 pogotowia ratunkowego. &#8222;To by\u0142o imponuj\u0105ce i\nNie tylko z powodu reanimacji czy uraz\u00f3w. To g\u0142\u00f3wnie zesp\u00f3\u0142\nczasami z pacjentami z na\u015bwietlaniami, kt\u00f3rych wielokrotnie mia\u0142e\u015b w samochodzie. \u017be\nBlisko\u015b\u0107 z pacjentami by\u0142a wzruszaj\u0105ca i wyj\u0105tkowa&#8221;. Welling pi\u0142a robocza\nW pogotowiu ratunkowym nie ma miejsca na profesjonalizacj\u0119. W ten spos\u00f3b pragnienie przerodzi\u0142o si\u0119 w\ningerowa\u0107 w kszta\u0142towanie polityki. W Valkenswaard w 1993 roku\nzacz\u0105\u0142 ci\u0105gn\u0105\u0107 go za rol\u0119 w zarz\u0105dzaniu, zamieni\u0142 \u0142\u00f3\u017cko\ndla agencji. Nast\u0119pnie, w 2002 r., przeszed\u0142 na ostry\nOpieka lekarza rodzinnego, us\u0142uga lekarza rodzinnego poza godzinami pracy. Gerben: &#8222;To szczeg\u00f3lne miejsce, w kt\u00f3rym mo\u017cna zapewni\u0107 opiek\u0119\nludziom, kt\u00f3rzy cz\u0119sto s\u0105 zaniepokojeni, ale czasami te\u017c ci\u0119\u017cko chorzy&#8221;.\nDo po\u0142owy 2017 roku Welling pracowa\u0142 dla Huisartsenposten Oost Brabant,\nz czego przez ostatnie 8 lat pe\u0142ni\u0142 funkcj\u0119 Prezesa Zarz\u0105du. W ten spos\u00f3b\nzobowi\u0105za\u0142a si\u0119, mi\u0119dzy innymi, do u\u0142atwiania wsp\u00f3\u0142pracy&nbsp;mi\u0119dzy\nopieki w nag\u0142ych wypadkach i opieki d\u0142ugoterminowej. Gerben\nlubi skupia\u0107 si\u0119 na kwestiach spo\u0142ecznych z zamiarem\nsolidarno\u015bci. &#8222;Najsilniejsze ramiona nios\u0105 najci\u0119\u017csze\nBrzemi\u0119. Brzmi to tak prosto, ale w praktyce jest o wiele trudniejsze.&nbsp; W s\u0142u\u017cbie zdrowia widzia\u0142em, jak \u0142atwo ludzie\nupadek mi\u0119dzy dwoma sto\u0142kami&#8221; \u2013 m\u00f3wi m\u0119\u017cczyzna, kt\u00f3ry jeszcze w 2017 roku by\u0142 powa\u017cnie zamieszany\nzosta\u0107 cz\u0142onkiem Izby Reprezentant\u00f3w z ramienia PvdA. <\/p>\n\n\n\n<p>Posiada Gerben\nCzy kiedykolwiek \u017ca\u0142owa\u0142e\u015b swojej decyzji o zamianie \u0142\u00f3\u017cka na biurko? &#8222;Jest\nBy\u0142y dwa momenty, kiedy zadawa\u0142em sobie to pytanie. Kiedy m\u00f3j\nojciec wyl\u0105dowa\u0142 na OIOM-ie i na pocz\u0105tku tego roku, kiedy pojawi\u0142 si\u0119 Covid-19.\nAle nie, wiele si\u0119 zmieni\u0142o, a intensywna terapia to praca oparta na do\u015bwiadczeniu. Wymaga to\nrutyna. Teraz ciesz\u0119 si\u0119 i mam satysfakcj\u0119 z pracy tymczasowej.\nAby przywr\u00f3ci\u0107 organizacje lub procesy, kt\u00f3re utkn\u0119\u0142y w martwym punkcie. Praktyka\npokaza\u0142 mi, \u017ce cz\u0119sto mo\u017cna to zrobi\u0107, zachowuj\u0105c tych samych ludzi&#8221;. <\/p>\n\n\n\n<p>Ojciec\nDwaj doro\u015bli synowie wierz\u0105 w dobrze zorganizowane organizacje, w kt\u00f3rych ludzie\nrozpozna\u0107 siebie. Z niecierpliwo\u015bci\u0105 czeka na now\u0105 perspektyw\u0119\ndla SHR i DDDB. &#8222;W niedalekiej przysz\u0142o\u015bci chcia\u0142bym pozna\u0107\ni odwied\u017a posty tak szybko, jak to mo\u017cliwe. Je\u015bli chcesz ze mn\u0105 porozmawia\u0107 wcze\u015bniej lub\nPo prostu chcesz co\u015b powiedzie\u0107, mo\u017cesz zadzwoni\u0107 lub wys\u0142a\u0107 e-mail&#8221; \u2013 powiedzia\u0142.\nGerbena Wellinga. 0651269353 lub info@gerbenwelling.nl<\/p>\n","protected":false},"excerpt":{"rendered":"<p>Od ko\u0144ca sierpnia Gerben Welling stoi na czele DDDB i SHR. W ci\u0105gu najbli\u017cszych sze\u015bciu miesi\u0119cy po\u015bwi\u0119ci si\u0119 prowadzeniu zar\u00f3wno organizacji, jak i za\u0142ogi do &#8222;nowej perspektywy&#8221;. Kim jest Gerben Welling?&nbsp;&nbsp;&nbsp;&nbsp;&nbsp;&nbsp;&nbsp;&nbsp;&nbsp;&nbsp;&nbsp;&nbsp;&nbsp;&nbsp;&nbsp;&nbsp;&nbsp;&nbsp;&nbsp;&nbsp;&nbsp;&nbsp;&nbsp;&nbsp;&nbsp;&nbsp;&nbsp;&nbsp;&nbsp;&nbsp;&nbsp;&nbsp;&nbsp;&nbsp;&nbsp;&nbsp;&nbsp;&nbsp;&nbsp;&nbsp;&nbsp; &nbsp; &#8222;Pacjenci r\u00f3wnie\u017c umierali z moich r\u0105k&#8221; \u2013 powiedzia\u0142 tymczasowy dyrektor. Gerben zaczyna\u0142 jako fotograf medyczny na oddziale kardiochirurgii AZU w Utrechcie. Inicjatywa, kt\u00f3ra rozbudzi\u0142a w nim naturalny odruch \u2013 trosk\u0119 o najs\u0142abszych \u2013 i wkr\u00f3tce sprawi\u0142a, \u017ce obra\u0142 zupe\u0142nie inny kierunek. Aparat zosta\u0142 wymieniony na bia\u0142y [&#8230;]<\/p>\n","protected":false},"author":3,"featured_media":0,"comment_status":"open","ping_status":"open","sticky":false,"template":"","format":"standard","meta":{"_acf_changed":false,"_trash_the_other_posts":false,"editor_notices":[],"footnotes":""},"categories":[47],"class_list":["post-5194","post","type-post","status-publish","format-standard","hentry","category-intern-nieuws"],"acf":[],"yoast_head":"<!-- This site is optimized with the Yoast SEO plugin v26.6 - https:\/\/yoast.com\/wordpress\/plugins\/seo\/ -->\n<title>Pozw\u00f3lcie, \u017ce si\u0119 przedstawi\u0119. Nasz nowy tymczasowy dyrektor - Huisartsenposten De Limes - Polski<\/title>\n<meta name=\"robots\" content=\"noindex, follow, max-snippet:-1, max-image-preview:large, max-video-preview:-1\" \/>\n<meta property=\"og:locale\" content=\"pl_PL\" \/>\n<meta property=\"og:type\" content=\"article\" \/>\n<meta property=\"og:title\" content=\"Pozw\u00f3lcie, \u017ce si\u0119 przedstawi\u0119. Nasz nowy tymczasowy dyrektor - Huisartsenposten De Limes - Polski\" \/>\n<meta property=\"og:description\" content=\"Od ko\u0144ca sierpnia Gerben Welling stoi na czele DDDB i SHR. W ci\u0105gu najbli\u017cszych sze\u015bciu miesi\u0119cy po\u015bwi\u0119ci si\u0119 prowadzeniu zar\u00f3wno organizacji, jak i za\u0142ogi do &quot;nowej perspektywy&quot;. Kim jest Gerben Welling?&nbsp;&nbsp;&nbsp;&nbsp;&nbsp;&nbsp;&nbsp;&nbsp;&nbsp;&nbsp;&nbsp;&nbsp;&nbsp;&nbsp;&nbsp;&nbsp;&nbsp;&nbsp;&nbsp;&nbsp;&nbsp;&nbsp;&nbsp;&nbsp;&nbsp;&nbsp;&nbsp;&nbsp;&nbsp;&nbsp;&nbsp;&nbsp;&nbsp;&nbsp;&nbsp;&nbsp;&nbsp;&nbsp;&nbsp;&nbsp;&nbsp; &nbsp; &quot;Pacjenci r\u00f3wnie\u017c umierali z moich r\u0105k&quot; \u2013 powiedzia\u0142 tymczasowy dyrektor. Gerben zaczyna\u0142 jako fotograf medyczny na oddziale kardiochirurgii AZU w Utrechcie. Inicjatywa, kt\u00f3ra rozbudzi\u0142a w nim naturalny odruch \u2013 trosk\u0119 o najs\u0142abszych \u2013 i wkr\u00f3tce sprawi\u0142a, \u017ce obra\u0142 zupe\u0142nie inny kierunek. Aparat zosta\u0142 wymieniony na bia\u0142y [...]\" \/>\n<meta property=\"og:url\" content=\"https:\/\/huisartsenpostendelimes.nl\/pl\/nieuws\/przedstawiamy-naszego-nowego-tymczasowego-dyrektora\/\" \/>\n<meta property=\"og:site_name\" content=\"Huisartsenposten De Limes - Polski\" \/>\n<meta property=\"article:published_time\" content=\"2020-09-10T12:57:53+00:00\" \/>\n<meta property=\"article:modified_time\" content=\"2024-05-22T07:28:14+00:00\" \/>\n<meta property=\"og:image\" content=\"https:\/\/temporary.mindd.dev\/wp-content\/uploads\/2020\/09\/gerben-welling-bewerkt.jpg\" \/>\n<meta name=\"author\" content=\"MINDD\" \/>\n<meta name=\"twitter:card\" content=\"summary_large_image\" \/>\n<meta name=\"twitter:label1\" content=\"Napisane przez\" \/>\n\t<meta name=\"twitter:data1\" content=\"MINDD\" \/>\n\t<meta name=\"twitter:label2\" content=\"Szacowany czas czytania\" \/>\n\t<meta name=\"twitter:data2\" content=\"3 minuty\" \/>\n<script type=\"application\/ld+json\" class=\"yoast-schema-graph\">{\"@context\":\"https:\/\/schema.org\",\"@graph\":[{\"@type\":\"WebPage\",\"@id\":\"https:\/\/huisartsenpostendelimes.nl\/pl\/nieuws\/przedstawiamy-naszego-nowego-tymczasowego-dyrektora\/\",\"url\":\"https:\/\/huisartsenpostendelimes.nl\/pl\/nieuws\/przedstawiamy-naszego-nowego-tymczasowego-dyrektora\/\",\"name\":\"Pozw\u00f3lcie, \u017ce si\u0119 przedstawi\u0119. Nasz nowy tymczasowy dyrektor - Huisartsenposten De Limes - Polski\",\"isPartOf\":{\"@id\":\"https:\/\/huisartsenpostendelimes.nl\/pl\/#website\"},\"primaryImageOfPage\":{\"@id\":\"https:\/\/huisartsenpostendelimes.nl\/pl\/nieuws\/przedstawiamy-naszego-nowego-tymczasowego-dyrektora\/#primaryimage\"},\"image\":{\"@id\":\"https:\/\/huisartsenpostendelimes.nl\/pl\/nieuws\/przedstawiamy-naszego-nowego-tymczasowego-dyrektora\/#primaryimage\"},\"thumbnailUrl\":\"https:\/\/temporary.mindd.dev\/wp-content\/uploads\/2020\/09\/gerben-welling-bewerkt.jpg\",\"datePublished\":\"2020-09-10T12:57:53+00:00\",\"dateModified\":\"2024-05-22T07:28:14+00:00\",\"author\":{\"@id\":\"https:\/\/huisartsenpostendelimes.nl\/pl\/#\/schema\/person\/a9e28e081516b814b3224fb1c8f07206\"},\"breadcrumb\":{\"@id\":\"https:\/\/huisartsenpostendelimes.nl\/pl\/nieuws\/przedstawiamy-naszego-nowego-tymczasowego-dyrektora\/#breadcrumb\"},\"inLanguage\":\"pl-PL\",\"potentialAction\":[{\"@type\":\"ReadAction\",\"target\":[\"https:\/\/huisartsenpostendelimes.nl\/pl\/nieuws\/przedstawiamy-naszego-nowego-tymczasowego-dyrektora\/\"]}]},{\"@type\":\"ImageObject\",\"inLanguage\":\"pl-PL\",\"@id\":\"https:\/\/huisartsenpostendelimes.nl\/pl\/nieuws\/przedstawiamy-naszego-nowego-tymczasowego-dyrektora\/#primaryimage\",\"url\":\"https:\/\/temporary.mindd.dev\/wp-content\/uploads\/2020\/09\/gerben-welling-bewerkt.jpg\",\"contentUrl\":\"https:\/\/temporary.mindd.dev\/wp-content\/uploads\/2020\/09\/gerben-welling-bewerkt.jpg\"},{\"@type\":\"BreadcrumbList\",\"@id\":\"https:\/\/huisartsenpostendelimes.nl\/pl\/nieuws\/przedstawiamy-naszego-nowego-tymczasowego-dyrektora\/#breadcrumb\",\"itemListElement\":[{\"@type\":\"ListItem\",\"position\":1,\"name\":\"Home\",\"item\":\"https:\/\/huisartsenpostendelimes.nl\/pl\/\"},{\"@type\":\"ListItem\",\"position\":2,\"name\":\"Pozw\u00f3lcie, \u017ce si\u0119 przedstawi\u0119. Nasz nowy tymczasowy dyrektor\"}]},{\"@type\":\"WebSite\",\"@id\":\"https:\/\/huisartsenpostendelimes.nl\/pl\/#website\",\"url\":\"https:\/\/huisartsenpostendelimes.nl\/pl\/\",\"name\":\"Huisartsenposten De Limes - Polski\",\"description\":\"\",\"potentialAction\":[{\"@type\":\"SearchAction\",\"target\":{\"@type\":\"EntryPoint\",\"urlTemplate\":\"https:\/\/huisartsenpostendelimes.nl\/pl\/?s={search_term_string}\"},\"query-input\":{\"@type\":\"PropertyValueSpecification\",\"valueRequired\":true,\"valueName\":\"search_term_string\"}}],\"inLanguage\":\"pl-PL\"},{\"@type\":\"Person\",\"@id\":\"https:\/\/huisartsenpostendelimes.nl\/pl\/#\/schema\/person\/a9e28e081516b814b3224fb1c8f07206\",\"name\":\"MINDD\",\"image\":{\"@type\":\"ImageObject\",\"inLanguage\":\"pl-PL\",\"@id\":\"https:\/\/huisartsenpostendelimes.nl\/pl\/#\/schema\/person\/image\/\",\"url\":\"https:\/\/huisartsenpostendelimes.nl\/pl\/wp-content\/litespeed\/avatar\/139\/cb20a4a779c84cdbe340e6ad267e9e9a.jpg?ver=1777417994\",\"contentUrl\":\"https:\/\/huisartsenpostendelimes.nl\/pl\/wp-content\/litespeed\/avatar\/139\/cb20a4a779c84cdbe340e6ad267e9e9a.jpg?ver=1777417994\",\"caption\":\"MINDD\"},\"url\":\"https:\/\/huisartsenpostendelimes.nl\/pl\/nieuws\/author\/mindd-beheer\/\"}]}<\/script>\n<!-- \/ Yoast SEO plugin. -->","yoast_head_json":{"title":"Pozw\u00f3lcie, \u017ce si\u0119 przedstawi\u0119. Nasz nowy tymczasowy dyrektor - Huisartsenposten De Limes - Polski","robots":{"index":"noindex","follow":"follow","max-snippet":"max-snippet:-1","max-image-preview":"max-image-preview:large","max-video-preview":"max-video-preview:-1"},"og_locale":"pl_PL","og_type":"article","og_title":"Pozw\u00f3lcie, \u017ce si\u0119 przedstawi\u0119. Nasz nowy tymczasowy dyrektor - Huisartsenposten De Limes - Polski","og_description":"Od ko\u0144ca sierpnia Gerben Welling stoi na czele DDDB i SHR. W ci\u0105gu najbli\u017cszych sze\u015bciu miesi\u0119cy po\u015bwi\u0119ci si\u0119 prowadzeniu zar\u00f3wno organizacji, jak i za\u0142ogi do \"nowej perspektywy\". Kim jest Gerben Welling?&nbsp;&nbsp;&nbsp;&nbsp;&nbsp;&nbsp;&nbsp;&nbsp;&nbsp;&nbsp;&nbsp;&nbsp;&nbsp;&nbsp;&nbsp;&nbsp;&nbsp;&nbsp;&nbsp;&nbsp;&nbsp;&nbsp;&nbsp;&nbsp;&nbsp;&nbsp;&nbsp;&nbsp;&nbsp;&nbsp;&nbsp;&nbsp;&nbsp;&nbsp;&nbsp;&nbsp;&nbsp;&nbsp;&nbsp;&nbsp;&nbsp; &nbsp; \"Pacjenci r\u00f3wnie\u017c umierali z moich r\u0105k\" \u2013 powiedzia\u0142 tymczasowy dyrektor. Gerben zaczyna\u0142 jako fotograf medyczny na oddziale kardiochirurgii AZU w Utrechcie. Inicjatywa, kt\u00f3ra rozbudzi\u0142a w nim naturalny odruch \u2013 trosk\u0119 o najs\u0142abszych \u2013 i wkr\u00f3tce sprawi\u0142a, \u017ce obra\u0142 zupe\u0142nie inny kierunek. Aparat zosta\u0142 wymieniony na bia\u0142y [...]","og_url":"https:\/\/huisartsenpostendelimes.nl\/pl\/nieuws\/przedstawiamy-naszego-nowego-tymczasowego-dyrektora\/","og_site_name":"Huisartsenposten De Limes - Polski","article_published_time":"2020-09-10T12:57:53+00:00","article_modified_time":"2024-05-22T07:28:14+00:00","og_image":[{"url":"https:\/\/temporary.mindd.dev\/wp-content\/uploads\/2020\/09\/gerben-welling-bewerkt.jpg","type":"","width":"","height":""}],"author":"MINDD","twitter_card":"summary_large_image","twitter_misc":{"Napisane przez":"MINDD","Szacowany czas czytania":"3 minuty"},"schema":{"@context":"https:\/\/schema.org","@graph":[{"@type":"WebPage","@id":"https:\/\/huisartsenpostendelimes.nl\/pl\/nieuws\/przedstawiamy-naszego-nowego-tymczasowego-dyrektora\/","url":"https:\/\/huisartsenpostendelimes.nl\/pl\/nieuws\/przedstawiamy-naszego-nowego-tymczasowego-dyrektora\/","name":"Pozw\u00f3lcie, \u017ce si\u0119 przedstawi\u0119. Nasz nowy tymczasowy dyrektor - Huisartsenposten De Limes - Polski","isPartOf":{"@id":"https:\/\/huisartsenpostendelimes.nl\/pl\/#website"},"primaryImageOfPage":{"@id":"https:\/\/huisartsenpostendelimes.nl\/pl\/nieuws\/przedstawiamy-naszego-nowego-tymczasowego-dyrektora\/#primaryimage"},"image":{"@id":"https:\/\/huisartsenpostendelimes.nl\/pl\/nieuws\/przedstawiamy-naszego-nowego-tymczasowego-dyrektora\/#primaryimage"},"thumbnailUrl":"https:\/\/temporary.mindd.dev\/wp-content\/uploads\/2020\/09\/gerben-welling-bewerkt.jpg","datePublished":"2020-09-10T12:57:53+00:00","dateModified":"2024-05-22T07:28:14+00:00","author":{"@id":"https:\/\/huisartsenpostendelimes.nl\/pl\/#\/schema\/person\/a9e28e081516b814b3224fb1c8f07206"},"breadcrumb":{"@id":"https:\/\/huisartsenpostendelimes.nl\/pl\/nieuws\/przedstawiamy-naszego-nowego-tymczasowego-dyrektora\/#breadcrumb"},"inLanguage":"pl-PL","potentialAction":[{"@type":"ReadAction","target":["https:\/\/huisartsenpostendelimes.nl\/pl\/nieuws\/przedstawiamy-naszego-nowego-tymczasowego-dyrektora\/"]}]},{"@type":"ImageObject","inLanguage":"pl-PL","@id":"https:\/\/huisartsenpostendelimes.nl\/pl\/nieuws\/przedstawiamy-naszego-nowego-tymczasowego-dyrektora\/#primaryimage","url":"https:\/\/temporary.mindd.dev\/wp-content\/uploads\/2020\/09\/gerben-welling-bewerkt.jpg","contentUrl":"https:\/\/temporary.mindd.dev\/wp-content\/uploads\/2020\/09\/gerben-welling-bewerkt.jpg"},{"@type":"BreadcrumbList","@id":"https:\/\/huisartsenpostendelimes.nl\/pl\/nieuws\/przedstawiamy-naszego-nowego-tymczasowego-dyrektora\/#breadcrumb","itemListElement":[{"@type":"ListItem","position":1,"name":"Home","item":"https:\/\/huisartsenpostendelimes.nl\/pl\/"},{"@type":"ListItem","position":2,"name":"Pozw\u00f3lcie, \u017ce si\u0119 przedstawi\u0119. Nasz nowy tymczasowy dyrektor"}]},{"@type":"WebSite","@id":"https:\/\/huisartsenpostendelimes.nl\/pl\/#website","url":"https:\/\/huisartsenpostendelimes.nl\/pl\/","name":"Huisartsenposten De Limes - Polski","description":"","potentialAction":[{"@type":"SearchAction","target":{"@type":"EntryPoint","urlTemplate":"https:\/\/huisartsenpostendelimes.nl\/pl\/?s={search_term_string}"},"query-input":{"@type":"PropertyValueSpecification","valueRequired":true,"valueName":"search_term_string"}}],"inLanguage":"pl-PL"},{"@type":"Person","@id":"https:\/\/huisartsenpostendelimes.nl\/pl\/#\/schema\/person\/a9e28e081516b814b3224fb1c8f07206","name":"MINDD","image":{"@type":"ImageObject","inLanguage":"pl-PL","@id":"https:\/\/huisartsenpostendelimes.nl\/pl\/#\/schema\/person\/image\/","url":"https:\/\/huisartsenpostendelimes.nl\/pl\/wp-content\/litespeed\/avatar\/139\/cb20a4a779c84cdbe340e6ad267e9e9a.jpg?ver=1777417994","contentUrl":"https:\/\/huisartsenpostendelimes.nl\/pl\/wp-content\/litespeed\/avatar\/139\/cb20a4a779c84cdbe340e6ad267e9e9a.jpg?ver=1777417994","caption":"MINDD"},"url":"https:\/\/huisartsenpostendelimes.nl\/pl\/nieuws\/author\/mindd-beheer\/"}]}},"_links":{"self":[{"href":"https:\/\/huisartsenpostendelimes.nl\/pl\/wp-json\/wp\/v2\/posts\/5194","targetHints":{"allow":["GET"]}}],"collection":[{"href":"https:\/\/huisartsenpostendelimes.nl\/pl\/wp-json\/wp\/v2\/posts"}],"about":[{"href":"https:\/\/huisartsenpostendelimes.nl\/pl\/wp-json\/wp\/v2\/types\/post"}],"author":[{"embeddable":true,"href":"https:\/\/huisartsenpostendelimes.nl\/pl\/wp-json\/wp\/v2\/users\/3"}],"replies":[{"embeddable":true,"href":"https:\/\/huisartsenpostendelimes.nl\/pl\/wp-json\/wp\/v2\/comments?post=5194"}],"version-history":[{"count":0,"href":"https:\/\/huisartsenpostendelimes.nl\/pl\/wp-json\/wp\/v2\/posts\/5194\/revisions"}],"wp:attachment":[{"href":"https:\/\/huisartsenpostendelimes.nl\/pl\/wp-json\/wp\/v2\/media?parent=5194"}],"wp:term":[{"taxonomy":"category","embeddable":true,"href":"https:\/\/huisartsenpostendelimes.nl\/pl\/wp-json\/wp\/v2\/categories?post=5194"}],"curies":[{"name":"wp","href":"https:\/\/api.w.org\/{rel}","templated":true}]}}