{"id":6364,"date":"2021-07-20T13:33:03","date_gmt":"2021-07-20T11:33:03","guid":{"rendered":"https:\/\/temporary.mindd.dev\/?p=6364"},"modified":"2024-05-22T09:28:53","modified_gmt":"2024-05-22T07:28:53","slug":"koordynator-programu-wakatow-lumc","status":"publish","type":"post","link":"https:\/\/huisartsenpostendelimes.nl\/pl\/nieuws\/koordynator-programu-wakatow-lumc\/","title":{"rendered":"Koordynator programu wakat\u00f3w LUMC"},"content":{"rendered":"\n<p><em>Geller Agterberg &#8211; lekarz rodzinny w Rijswijk. Us\u0142ugi koordynatora LUMC i korepetytora 2. fazy LUMC<\/em><em><\/em><\/p>\n\n\n\n<p>Koordynator programu LUMC na stanowisku lekarza Limes &#8211; SHR &#8211; (0,11 FTE, 4 godziny) poszukiwany od 1 wrze\u015bnia 2021 r. Czy jeste\u015b &#8222;\u0142\u0105cznikiem&#8221;, kt\u00f3ry jest w stanie po\u0142\u0105czy\u0107 pracownik\u00f3w gabinetu lekarskiego, trener\u00f3w i sta\u017cyst\u00f3w,&nbsp; a tym samym utrwali\u0107 bezpieczny klimat treningowy w przychodni lekarskiej?<\/p>\n\n\n\n<p><strong>Szkolenie dla lekarzy rodzinnych<\/strong><br>Program Praktyki Og\u00f3lnej LUMC jest cz\u0119\u015bci\u0105 Departamentu Zdrowia Publicznego i Podstawowej Opieki Zdrowotnej (PHEG) oraz powi\u0105zanej sieci Praktyki Og\u00f3lnej, Opieki Instytucjonalnej i Medycyny Geriatrycznej, Zdrowia Publicznego i Antropologii Medycznej.<\/p>\n\n\n\n<p><strong>Opis stanowiska<\/strong><br>Koordynacja szkolenia rezydent\u00f3w w przychodni lekarskiej. Koordynator programu pe\u0142ni funkcj\u0119 \u0142\u0105cz\u0105c\u0105 LUMC z gabinetem lekarza i odwrotnie.<br>Koordynacja merytoryczna kszta\u0142cenia na stanowisku dla AIOS.<br>Opracowanie wytycznych dotycz\u0105cych us\u0142ug w gabinecie lekarskim.<br>My\u015blenie o poprawie jako\u015bci i innowacjach edukacyjnych.<br>Osoba kontaktowa dla rezydenta i trenera w sprawie obs\u0142ugi na posterunku.<\/p>\n\n\n\n<p><strong>O co prosimy? <\/strong><br>Jeste\u015b w stanie zarz\u0105dza\u0107 urz\u0119dem pocztowym, aby stworzy\u0107 pouczaj\u0105ce miejsce szkoleniowe dla sta\u017cysty, pomimo ca\u0142ego po\u015bpiechu, kt\u00f3ry ma miejsce w godzinach pracy. Jeste\u015b odpowiedzialny za jako\u015b\u0107 kszta\u0142cenia na stanowisku zgodnie z wymaganiami okre\u015blonymi w programie. Jeste\u015b praktykuj\u0105cym i do\u015bwiadczonym lekarzem rodzinnym w rejonie gabinetu lekarskiego. Zwracasz szczeg\u00f3ln\u0105 uwag\u0119 na pomoc w nag\u0142ych wypadkach. Posiadasz niezb\u0119dne do\u015bwiadczenie jako trener lub nauczyciel. Uwa\u017cnie \u015bledzisz aktualne zmiany w opiece nad lekarzami rodzinnymi i jeste\u015b otwarty na odnow\u0119 i innowacje. Jeste\u015b w stanie zachwyci\u0107 i zainspirowa\u0107 ludzi.<\/p>\n\n\n\n<p><strong>Co oferujemy?<\/strong><br>Obecnie jest wolne miejsce na 4 godziny tygodniowo. Pocz\u0105tkowo powo\u0142anie jest na okres jednego roku. Je\u015bli oka\u017ce si\u0119, \u017ce jest odpowiedni, mo\u017cliwe jest przed\u0142u\u017cenie. Wynagrodzenie jest zgodne z Uk\u0142adem Zbiorowym Pracy dla Szpitali Akademickich.<\/p>\n\n\n\n<p><strong>Procedura<\/strong><br>List motywacyjny + CV (z dopiskiem &#8222;Koordynator ds. szkole\u0144 w plac\u00f3wce lekarza rodzinnego)&#8221; mo\u017cna wys\u0142a\u0107 e-mailem do 1 sierpnia 2021 r. na adres: <a href=\"mailto:C.H.J.de_Koning-Fennes@lumc.nl\">C.H.J.de_Koning-Fennes@lumc.nl<\/a><\/p>\n\n\n\n<p><strong>Informacja<\/strong><br>Aby uzyska\u0107 wi\u0119cej informacji, prosimy o kontakt z Gellerem Agterbergiem, koordynatorem us\u0142ug LUMC-PHEG, z kt\u00f3rym mo\u017cna skontaktowa\u0107 si\u0119 telefonicznie za po\u015brednictwem sekretariatu (071-5268433) lub e-mailem:&nbsp; G.Agterberg@lumc.nl<\/p>\n","protected":false},"excerpt":{"rendered":"<p>Geller Agterberg \u2013 lekarz rodzinny w Rijswijk. Koordynator us\u0142ug LUMC i Tutor 2. fazy programu LUMC LUMC na stanowisku lekarza Limes- SHR \u2013 (0,11 FTE, 4 godziny) poszukiwany od 1 wrze\u015bnia 2021 r. Czy jeste\u015b &#8222;\u0142\u0105cznikiem&#8221;, kt\u00f3ry jest w stanie po\u0142\u0105czy\u0107 pracownik\u00f3w gabinetu lekarskiego, trener\u00f3w i sta\u017cyst\u00f3w,&nbsp; a tym samym utrwali\u0107 bezpieczny klimat treningowy w przychodni lekarskiej? Program szkoleniowy dla lekarzy rodzinnych jest cz\u0119\u015bci\u0105 Departamentu Zdrowia Publicznego i Podstawowej Opieki Zdrowotnej (PHEG) oraz powi\u0105zanej sieci Praktyki Og\u00f3lnej, Opieki Instytucjonalnej i Medycyny Geriatrycznej, Zdrowia Publicznego i Antropologii Medycznej. Opis stanowiskaKoordynacja [&#8230;]<\/p>\n","protected":false},"author":3,"featured_media":0,"comment_status":"open","ping_status":"open","sticky":false,"template":"","format":"standard","meta":{"_acf_changed":false,"_trash_the_other_posts":false,"editor_notices":[],"footnotes":""},"categories":[47],"class_list":["post-6364","post","type-post","status-publish","format-standard","hentry","category-intern-nieuws"],"acf":[],"yoast_head":"<!-- This site is optimized with the Yoast SEO plugin v26.6 - https:\/\/yoast.com\/wordpress\/plugins\/seo\/ -->\n<title>Koordynator programu wakat\u00f3w LUMC - Huisartsenposten De Limes - Polski<\/title>\n<meta name=\"robots\" content=\"noindex, follow, max-snippet:-1, max-image-preview:large, max-video-preview:-1\" \/>\n<meta property=\"og:locale\" content=\"pl_PL\" \/>\n<meta property=\"og:type\" content=\"article\" \/>\n<meta property=\"og:title\" content=\"Koordynator programu wakat\u00f3w LUMC - Huisartsenposten De Limes - Polski\" \/>\n<meta property=\"og:description\" content=\"Geller Agterberg \u2013 lekarz rodzinny w Rijswijk. Koordynator us\u0142ug LUMC i Tutor 2. fazy programu LUMC LUMC na stanowisku lekarza Limes- SHR \u2013 (0,11 FTE, 4 godziny) poszukiwany od 1 wrze\u015bnia 2021 r. Czy jeste\u015b &quot;\u0142\u0105cznikiem&quot;, kt\u00f3ry jest w stanie po\u0142\u0105czy\u0107 pracownik\u00f3w gabinetu lekarskiego, trener\u00f3w i sta\u017cyst\u00f3w,&nbsp; a tym samym utrwali\u0107 bezpieczny klimat treningowy w przychodni lekarskiej? Program szkoleniowy dla lekarzy rodzinnych jest cz\u0119\u015bci\u0105 Departamentu Zdrowia Publicznego i Podstawowej Opieki Zdrowotnej (PHEG) oraz powi\u0105zanej sieci Praktyki Og\u00f3lnej, Opieki Instytucjonalnej i Medycyny Geriatrycznej, Zdrowia Publicznego i Antropologii Medycznej. Opis stanowiskaKoordynacja [...]\" \/>\n<meta property=\"og:url\" content=\"https:\/\/huisartsenpostendelimes.nl\/pl\/nieuws\/koordynator-programu-wakatow-lumc\/\" \/>\n<meta property=\"og:site_name\" content=\"Huisartsenposten De Limes - Polski\" \/>\n<meta property=\"article:published_time\" content=\"2021-07-20T11:33:03+00:00\" \/>\n<meta property=\"article:modified_time\" content=\"2024-05-22T07:28:53+00:00\" \/>\n<meta name=\"author\" content=\"MINDD\" \/>\n<meta name=\"twitter:card\" content=\"summary_large_image\" \/>\n<meta name=\"twitter:label1\" content=\"Napisane przez\" \/>\n\t<meta name=\"twitter:data1\" content=\"MINDD\" \/>\n\t<meta name=\"twitter:label2\" content=\"Szacowany czas czytania\" \/>\n\t<meta name=\"twitter:data2\" content=\"2 minuty\" \/>\n<script type=\"application\/ld+json\" class=\"yoast-schema-graph\">{\"@context\":\"https:\/\/schema.org\",\"@graph\":[{\"@type\":\"WebPage\",\"@id\":\"https:\/\/huisartsenpostendelimes.nl\/pl\/nieuws\/koordynator-programu-wakatow-lumc\/\",\"url\":\"https:\/\/huisartsenpostendelimes.nl\/pl\/nieuws\/koordynator-programu-wakatow-lumc\/\",\"name\":\"Koordynator programu wakat\u00f3w LUMC - Huisartsenposten De Limes - Polski\",\"isPartOf\":{\"@id\":\"https:\/\/huisartsenpostendelimes.nl\/pl\/#website\"},\"datePublished\":\"2021-07-20T11:33:03+00:00\",\"dateModified\":\"2024-05-22T07:28:53+00:00\",\"author\":{\"@id\":\"https:\/\/huisartsenpostendelimes.nl\/pl\/#\/schema\/person\/a9e28e081516b814b3224fb1c8f07206\"},\"breadcrumb\":{\"@id\":\"https:\/\/huisartsenpostendelimes.nl\/pl\/nieuws\/koordynator-programu-wakatow-lumc\/#breadcrumb\"},\"inLanguage\":\"pl-PL\",\"potentialAction\":[{\"@type\":\"ReadAction\",\"target\":[\"https:\/\/huisartsenpostendelimes.nl\/pl\/nieuws\/koordynator-programu-wakatow-lumc\/\"]}]},{\"@type\":\"BreadcrumbList\",\"@id\":\"https:\/\/huisartsenpostendelimes.nl\/pl\/nieuws\/koordynator-programu-wakatow-lumc\/#breadcrumb\",\"itemListElement\":[{\"@type\":\"ListItem\",\"position\":1,\"name\":\"Home\",\"item\":\"https:\/\/huisartsenpostendelimes.nl\/pl\/\"},{\"@type\":\"ListItem\",\"position\":2,\"name\":\"Koordynator programu wakat\u00f3w LUMC\"}]},{\"@type\":\"WebSite\",\"@id\":\"https:\/\/huisartsenpostendelimes.nl\/pl\/#website\",\"url\":\"https:\/\/huisartsenpostendelimes.nl\/pl\/\",\"name\":\"Huisartsenposten De Limes - Polski\",\"description\":\"\",\"potentialAction\":[{\"@type\":\"SearchAction\",\"target\":{\"@type\":\"EntryPoint\",\"urlTemplate\":\"https:\/\/huisartsenpostendelimes.nl\/pl\/?s={search_term_string}\"},\"query-input\":{\"@type\":\"PropertyValueSpecification\",\"valueRequired\":true,\"valueName\":\"search_term_string\"}}],\"inLanguage\":\"pl-PL\"},{\"@type\":\"Person\",\"@id\":\"https:\/\/huisartsenpostendelimes.nl\/pl\/#\/schema\/person\/a9e28e081516b814b3224fb1c8f07206\",\"name\":\"MINDD\",\"image\":{\"@type\":\"ImageObject\",\"inLanguage\":\"pl-PL\",\"@id\":\"https:\/\/huisartsenpostendelimes.nl\/pl\/#\/schema\/person\/image\/\",\"url\":\"https:\/\/huisartsenpostendelimes.nl\/pl\/wp-content\/litespeed\/avatar\/139\/cb20a4a779c84cdbe340e6ad267e9e9a.jpg?ver=1777417994\",\"contentUrl\":\"https:\/\/huisartsenpostendelimes.nl\/pl\/wp-content\/litespeed\/avatar\/139\/cb20a4a779c84cdbe340e6ad267e9e9a.jpg?ver=1777417994\",\"caption\":\"MINDD\"},\"url\":\"https:\/\/huisartsenpostendelimes.nl\/pl\/nieuws\/author\/mindd-beheer\/\"}]}<\/script>\n<!-- \/ Yoast SEO plugin. -->","yoast_head_json":{"title":"Koordynator programu wakat\u00f3w LUMC - Huisartsenposten De Limes - Polski","robots":{"index":"noindex","follow":"follow","max-snippet":"max-snippet:-1","max-image-preview":"max-image-preview:large","max-video-preview":"max-video-preview:-1"},"og_locale":"pl_PL","og_type":"article","og_title":"Koordynator programu wakat\u00f3w LUMC - Huisartsenposten De Limes - Polski","og_description":"Geller Agterberg \u2013 lekarz rodzinny w Rijswijk. Koordynator us\u0142ug LUMC i Tutor 2. fazy programu LUMC LUMC na stanowisku lekarza Limes- SHR \u2013 (0,11 FTE, 4 godziny) poszukiwany od 1 wrze\u015bnia 2021 r. Czy jeste\u015b \"\u0142\u0105cznikiem\", kt\u00f3ry jest w stanie po\u0142\u0105czy\u0107 pracownik\u00f3w gabinetu lekarskiego, trener\u00f3w i sta\u017cyst\u00f3w,&nbsp; a tym samym utrwali\u0107 bezpieczny klimat treningowy w przychodni lekarskiej? Program szkoleniowy dla lekarzy rodzinnych jest cz\u0119\u015bci\u0105 Departamentu Zdrowia Publicznego i Podstawowej Opieki Zdrowotnej (PHEG) oraz powi\u0105zanej sieci Praktyki Og\u00f3lnej, Opieki Instytucjonalnej i Medycyny Geriatrycznej, Zdrowia Publicznego i Antropologii Medycznej. Opis stanowiskaKoordynacja [...]","og_url":"https:\/\/huisartsenpostendelimes.nl\/pl\/nieuws\/koordynator-programu-wakatow-lumc\/","og_site_name":"Huisartsenposten De Limes - Polski","article_published_time":"2021-07-20T11:33:03+00:00","article_modified_time":"2024-05-22T07:28:53+00:00","author":"MINDD","twitter_card":"summary_large_image","twitter_misc":{"Napisane przez":"MINDD","Szacowany czas czytania":"2 minuty"},"schema":{"@context":"https:\/\/schema.org","@graph":[{"@type":"WebPage","@id":"https:\/\/huisartsenpostendelimes.nl\/pl\/nieuws\/koordynator-programu-wakatow-lumc\/","url":"https:\/\/huisartsenpostendelimes.nl\/pl\/nieuws\/koordynator-programu-wakatow-lumc\/","name":"Koordynator programu wakat\u00f3w LUMC - Huisartsenposten De Limes - Polski","isPartOf":{"@id":"https:\/\/huisartsenpostendelimes.nl\/pl\/#website"},"datePublished":"2021-07-20T11:33:03+00:00","dateModified":"2024-05-22T07:28:53+00:00","author":{"@id":"https:\/\/huisartsenpostendelimes.nl\/pl\/#\/schema\/person\/a9e28e081516b814b3224fb1c8f07206"},"breadcrumb":{"@id":"https:\/\/huisartsenpostendelimes.nl\/pl\/nieuws\/koordynator-programu-wakatow-lumc\/#breadcrumb"},"inLanguage":"pl-PL","potentialAction":[{"@type":"ReadAction","target":["https:\/\/huisartsenpostendelimes.nl\/pl\/nieuws\/koordynator-programu-wakatow-lumc\/"]}]},{"@type":"BreadcrumbList","@id":"https:\/\/huisartsenpostendelimes.nl\/pl\/nieuws\/koordynator-programu-wakatow-lumc\/#breadcrumb","itemListElement":[{"@type":"ListItem","position":1,"name":"Home","item":"https:\/\/huisartsenpostendelimes.nl\/pl\/"},{"@type":"ListItem","position":2,"name":"Koordynator programu wakat\u00f3w LUMC"}]},{"@type":"WebSite","@id":"https:\/\/huisartsenpostendelimes.nl\/pl\/#website","url":"https:\/\/huisartsenpostendelimes.nl\/pl\/","name":"Huisartsenposten De Limes - Polski","description":"","potentialAction":[{"@type":"SearchAction","target":{"@type":"EntryPoint","urlTemplate":"https:\/\/huisartsenpostendelimes.nl\/pl\/?s={search_term_string}"},"query-input":{"@type":"PropertyValueSpecification","valueRequired":true,"valueName":"search_term_string"}}],"inLanguage":"pl-PL"},{"@type":"Person","@id":"https:\/\/huisartsenpostendelimes.nl\/pl\/#\/schema\/person\/a9e28e081516b814b3224fb1c8f07206","name":"MINDD","image":{"@type":"ImageObject","inLanguage":"pl-PL","@id":"https:\/\/huisartsenpostendelimes.nl\/pl\/#\/schema\/person\/image\/","url":"https:\/\/huisartsenpostendelimes.nl\/pl\/wp-content\/litespeed\/avatar\/139\/cb20a4a779c84cdbe340e6ad267e9e9a.jpg?ver=1777417994","contentUrl":"https:\/\/huisartsenpostendelimes.nl\/pl\/wp-content\/litespeed\/avatar\/139\/cb20a4a779c84cdbe340e6ad267e9e9a.jpg?ver=1777417994","caption":"MINDD"},"url":"https:\/\/huisartsenpostendelimes.nl\/pl\/nieuws\/author\/mindd-beheer\/"}]}},"_links":{"self":[{"href":"https:\/\/huisartsenpostendelimes.nl\/pl\/wp-json\/wp\/v2\/posts\/6364","targetHints":{"allow":["GET"]}}],"collection":[{"href":"https:\/\/huisartsenpostendelimes.nl\/pl\/wp-json\/wp\/v2\/posts"}],"about":[{"href":"https:\/\/huisartsenpostendelimes.nl\/pl\/wp-json\/wp\/v2\/types\/post"}],"author":[{"embeddable":true,"href":"https:\/\/huisartsenpostendelimes.nl\/pl\/wp-json\/wp\/v2\/users\/3"}],"replies":[{"embeddable":true,"href":"https:\/\/huisartsenpostendelimes.nl\/pl\/wp-json\/wp\/v2\/comments?post=6364"}],"version-history":[{"count":0,"href":"https:\/\/huisartsenpostendelimes.nl\/pl\/wp-json\/wp\/v2\/posts\/6364\/revisions"}],"wp:attachment":[{"href":"https:\/\/huisartsenpostendelimes.nl\/pl\/wp-json\/wp\/v2\/media?parent=6364"}],"wp:term":[{"taxonomy":"category","embeddable":true,"href":"https:\/\/huisartsenpostendelimes.nl\/pl\/wp-json\/wp\/v2\/categories?post=6364"}],"curies":[{"name":"wp","href":"https:\/\/api.w.org\/{rel}","templated":true}]}}